{"id":106028,"date":"2026-04-26T11:30:09","date_gmt":"2026-04-26T09:30:09","guid":{"rendered":"http:\/\/zzzconmedia.zierra.de\/?p=106028"},"modified":"2026-04-26T11:30:09","modified_gmt":"2026-04-26T09:30:09","slug":"die-22-preistragerinnen-des-deutschen-jazzpreises-2026-stehen-fest","status":"publish","type":"post","link":"https:\/\/conmedia.org\/?p=106028","title":{"rendered":"Die 22 Preistr\u00e4ger:innen des Deutschen Jazzpreises 2026 stehen fest"},"content":{"rendered":"<p><b>Initiative Musik<\/b> [<a href=\"https:\/\/www.presseportal.de\/pm\/68163\/6262741\">Newsroom<\/a>]<\/p>\n<div><a href=\"https:\/\/www.presseportal.de\/nr\/68163\"><img decoding=\"async\" src=\"https:\/\/cache.pressmailing.net\/thumbnail\/story_small\/41776198-77f4-41ba-8539-7f72e95e7d4f\/Deutscher%20Jazzpreis_~rc%20Heinecke_973.jpg\" width=\"110\" border=\"0\"><\/a><\/div>\n<p>Bremen (ots) &#8211; Bei der Verleihung des Deutschen Jazzpreises 2026 am 25. April in Bremen wurden 22 Pers\u00f6nlichkeiten und Projekte aus der Jazzszene ausgezeichnet. Zu den zentralen Auszeichnungen z\u00e4hlen der Preis f\u00fcr das Lebenswerk an Aki Takase, &#8230; <a href=\"https:\/\/www.presseportal.de\/pm\/68163\/6262741\">Lesen Sie hier weiter&#8230;<\/a><\/p>\n<p><small>Original-Content von: Initiative Musik, \u00fcbermittelt durch news aktuell<\/small><\/p>\n","protected":false},"excerpt":{"rendered":"<p>Initiative Musik [Newsroom] Bremen (ots) &#8211; Bei der Verleihung des Deutschen Jazzpreises 2026 am 25. April in Bremen wurden 22 Pers\u00f6nlichkeiten und Projekte aus der Jazzszene ausgezeichnet. Zu den zentralen Auszeichnungen z\u00e4hlen der Preis f\u00fcr das Lebenswerk an Aki Takase, &#8230; Lesen Sie hier weiter&#8230; Original-Content von: Initiative Musik, \u00fcbermittelt durch news aktuell<\/p>\n","protected":false},"author":4,"featured_media":0,"comment_status":"closed","ping_status":"closed","sticky":false,"template":"","format":"standard","meta":{"_acf_changed":false,"footnotes":""},"categories":[1],"tags":[],"class_list":["post-106028","post","type-post","status-publish","format-standard","hentry","category-allgemein"],"acf":[],"_links":{"self":[{"href":"https:\/\/conmedia.org\/index.php?rest_route=\/wp\/v2\/posts\/106028","targetHints":{"allow":["GET"]}}],"collection":[{"href":"https:\/\/conmedia.org\/index.php?rest_route=\/wp\/v2\/posts"}],"about":[{"href":"https:\/\/conmedia.org\/index.php?rest_route=\/wp\/v2\/types\/post"}],"author":[{"embeddable":true,"href":"https:\/\/conmedia.org\/index.php?rest_route=\/wp\/v2\/users\/4"}],"replies":[{"embeddable":true,"href":"https:\/\/conmedia.org\/index.php?rest_route=%2Fwp%2Fv2%2Fcomments&post=106028"}],"version-history":[{"count":0,"href":"https:\/\/conmedia.org\/index.php?rest_route=\/wp\/v2\/posts\/106028\/revisions"}],"wp:attachment":[{"href":"https:\/\/conmedia.org\/index.php?rest_route=%2Fwp%2Fv2%2Fmedia&parent=106028"}],"wp:term":[{"taxonomy":"category","embeddable":true,"href":"https:\/\/conmedia.org\/index.php?rest_route=%2Fwp%2Fv2%2Fcategories&post=106028"},{"taxonomy":"post_tag","embeddable":true,"href":"https:\/\/conmedia.org\/index.php?rest_route=%2Fwp%2Fv2%2Ftags&post=106028"}],"curies":[{"name":"wp","href":"https:\/\/api.w.org\/{rel}","templated":true}]}}