{"id":106029,"date":"2026-04-26T12:45:07","date_gmt":"2026-04-26T10:45:07","guid":{"rendered":"http:\/\/zzzconmedia.zierra.de\/?p=106029"},"modified":"2026-04-26T12:45:07","modified_gmt":"2026-04-26T10:45:07","slug":"rente-vier-von-funf-deutschen-bezweifeln-im-alter-lebensstandard-halten-zu-konnen","status":"publish","type":"post","link":"https:\/\/conmedia.org\/?p=106029","title":{"rendered":"Rente: Vier von f\u00fcnf Deutschen bezweifeln, im Alter Lebensstandard halten zu k\u00f6nnen"},"content":{"rendered":"<p>Laut dem Kanzler wird die gesetzliche Pflichtversicherung nur noch als Basisabsicherung f\u00fcr das Alter dienen. Mehr als vier F\u00fcnftel der k\u00fcnftigen Rentnerinnen und Rentner sehen das offenbar genau so.<\/p>\n","protected":false},"excerpt":{"rendered":"<p>Laut dem Kanzler wird die gesetzliche Pflichtversicherung nur noch als Basisabsicherung f\u00fcr das Alter dienen. Mehr als vier F\u00fcnftel der k\u00fcnftigen Rentnerinnen und Rentner sehen das offenbar genau so.<\/p>\n","protected":false},"author":4,"featured_media":0,"comment_status":"closed","ping_status":"closed","sticky":false,"template":"","format":"standard","meta":{"_acf_changed":false,"footnotes":""},"categories":[1],"tags":[],"class_list":["post-106029","post","type-post","status-publish","format-standard","hentry","category-allgemein"],"acf":[],"_links":{"self":[{"href":"https:\/\/conmedia.org\/index.php?rest_route=\/wp\/v2\/posts\/106029","targetHints":{"allow":["GET"]}}],"collection":[{"href":"https:\/\/conmedia.org\/index.php?rest_route=\/wp\/v2\/posts"}],"about":[{"href":"https:\/\/conmedia.org\/index.php?rest_route=\/wp\/v2\/types\/post"}],"author":[{"embeddable":true,"href":"https:\/\/conmedia.org\/index.php?rest_route=\/wp\/v2\/users\/4"}],"replies":[{"embeddable":true,"href":"https:\/\/conmedia.org\/index.php?rest_route=%2Fwp%2Fv2%2Fcomments&post=106029"}],"version-history":[{"count":0,"href":"https:\/\/conmedia.org\/index.php?rest_route=\/wp\/v2\/posts\/106029\/revisions"}],"wp:attachment":[{"href":"https:\/\/conmedia.org\/index.php?rest_route=%2Fwp%2Fv2%2Fmedia&parent=106029"}],"wp:term":[{"taxonomy":"category","embeddable":true,"href":"https:\/\/conmedia.org\/index.php?rest_route=%2Fwp%2Fv2%2Fcategories&post=106029"},{"taxonomy":"post_tag","embeddable":true,"href":"https:\/\/conmedia.org\/index.php?rest_route=%2Fwp%2Fv2%2Ftags&post=106029"}],"curies":[{"name":"wp","href":"https:\/\/api.w.org\/{rel}","templated":true}]}}