{"id":106040,"date":"2026-04-27T05:45:08","date_gmt":"2026-04-27T03:45:08","guid":{"rendered":"http:\/\/zzzconmedia.zierra.de\/?p=106040"},"modified":"2026-04-27T05:45:08","modified_gmt":"2026-04-27T03:45:08","slug":"reprasentative-ard-umfrage-funf-von-sechs-deutschen-wollen-beamte-selbststandige-und-politiker-in-gesetzliche-rentenversicherung-einbeziehen","status":"publish","type":"post","link":"https:\/\/conmedia.org\/?p=106040","title":{"rendered":"Repr\u00e4sentative ARD-Umfrage: F\u00fcnf von sechs Deutschen wollen Beamte, Selbstst\u00e4ndige und Politiker in gesetzliche Rentenversicherung einbeziehen"},"content":{"rendered":"<p><b>WDR Westdeutscher Rundfunk<\/b> [<a href=\"https:\/\/www.presseportal.de\/pm\/7899\/6262747\">Newsroom<\/a>]<br \/>K\u00f6ln (ots) &#8211; +++ Achtung Sperrfrist f\u00fcr alle Ausspielwege: 27. April 2026, 5.00 Uhr +++ 86 Prozent der Deutschen f\u00e4nden es richtig, wenn Beamte, Selbstst\u00e4ndige und Politiker in die gesetzliche Rentenversicherung einbezogen w\u00fcrden. Jeder Zehnte &#8230; <a href=\"https:\/\/www.presseportal.de\/pm\/7899\/6262747\">Lesen Sie hier weiter&#8230;<\/a><\/p>\n<p><small>Original-Content von: WDR Westdeutscher Rundfunk, \u00fcbermittelt durch news aktuell<\/small><\/p>\n","protected":false},"excerpt":{"rendered":"<p>WDR Westdeutscher Rundfunk [Newsroom]K\u00f6ln (ots) &#8211; +++ Achtung Sperrfrist f\u00fcr alle Ausspielwege: 27. April 2026, 5.00 Uhr +++ 86 Prozent der Deutschen f\u00e4nden es richtig, wenn Beamte, Selbstst\u00e4ndige und Politiker in die gesetzliche Rentenversicherung einbezogen w\u00fcrden. Jeder Zehnte &#8230; Lesen Sie hier weiter&#8230; Original-Content von: WDR Westdeutscher Rundfunk, \u00fcbermittelt durch news aktuell<\/p>\n","protected":false},"author":4,"featured_media":0,"comment_status":"closed","ping_status":"closed","sticky":false,"template":"","format":"standard","meta":{"_acf_changed":false,"footnotes":""},"categories":[1],"tags":[],"class_list":["post-106040","post","type-post","status-publish","format-standard","hentry","category-allgemein"],"acf":[],"_links":{"self":[{"href":"https:\/\/conmedia.org\/index.php?rest_route=\/wp\/v2\/posts\/106040","targetHints":{"allow":["GET"]}}],"collection":[{"href":"https:\/\/conmedia.org\/index.php?rest_route=\/wp\/v2\/posts"}],"about":[{"href":"https:\/\/conmedia.org\/index.php?rest_route=\/wp\/v2\/types\/post"}],"author":[{"embeddable":true,"href":"https:\/\/conmedia.org\/index.php?rest_route=\/wp\/v2\/users\/4"}],"replies":[{"embeddable":true,"href":"https:\/\/conmedia.org\/index.php?rest_route=%2Fwp%2Fv2%2Fcomments&post=106040"}],"version-history":[{"count":0,"href":"https:\/\/conmedia.org\/index.php?rest_route=\/wp\/v2\/posts\/106040\/revisions"}],"wp:attachment":[{"href":"https:\/\/conmedia.org\/index.php?rest_route=%2Fwp%2Fv2%2Fmedia&parent=106040"}],"wp:term":[{"taxonomy":"category","embeddable":true,"href":"https:\/\/conmedia.org\/index.php?rest_route=%2Fwp%2Fv2%2Fcategories&post=106040"},{"taxonomy":"post_tag","embeddable":true,"href":"https:\/\/conmedia.org\/index.php?rest_route=%2Fwp%2Fv2%2Ftags&post=106040"}],"curies":[{"name":"wp","href":"https:\/\/api.w.org\/{rel}","templated":true}]}}