{"id":106063,"date":"2026-04-27T13:15:08","date_gmt":"2026-04-27T11:15:08","guid":{"rendered":"http:\/\/zzzconmedia.zierra.de\/?p=106063"},"modified":"2026-04-27T13:15:08","modified_gmt":"2026-04-27T11:15:08","slug":"tag-der-pressefreiheit-mdr-starkt-medienkompetenz-an-schulen-und-berichtet-zu-medienfreiheits-themen-im-programm","status":"publish","type":"post","link":"https:\/\/conmedia.org\/?p=106063","title":{"rendered":"Tag der Pressefreiheit: MDR st\u00e4rkt Medienkompetenz an Schulen und berichtet zu Medienfreiheits-Themen im Programm"},"content":{"rendered":"<p><b>MDR Mitteldeutscher Rundfunk<\/b> [<a href=\"https:\/\/www.presseportal.de\/pm\/7880\/6263483\">Newsroom<\/a>]<\/p>\n<div><a href=\"https:\/\/www.presseportal.de\/nr\/7880\"><img decoding=\"async\" src=\"https:\/\/cache.pressmailing.net\/thumbnail\/story_small\/731e0538-7e9e-4d43-b088-da7f1cc8e662\/1265_ralf-ludwig-borna-100_original.jpg\" width=\"110\" border=\"0\"><\/a><\/div>\n<p>Leipzig (ots) &#8211; Zum Internationalen Tag der Pressefreiheit am 3. Mai kommt der MDR mit Jugendlichen ins Gespr\u00e4ch: Mit Dialogangeboten an Schulen in Sachsen, Sachsen-Anhalt und Th\u00fcringen r\u00fcckt der Sender Themen wie Medienkompetenz, &#8230; <a href=\"https:\/\/www.presseportal.de\/pm\/7880\/6263483\">Lesen Sie hier weiter&#8230;<\/a><\/p>\n<p><small>Original-Content von: MDR Mitteldeutscher Rundfunk, \u00fcbermittelt durch news aktuell<\/small><\/p>\n","protected":false},"excerpt":{"rendered":"<p>MDR Mitteldeutscher Rundfunk [Newsroom] Leipzig (ots) &#8211; Zum Internationalen Tag der Pressefreiheit am 3. Mai kommt der MDR mit Jugendlichen ins Gespr\u00e4ch: Mit Dialogangeboten an Schulen in Sachsen, Sachsen-Anhalt und Th\u00fcringen r\u00fcckt der Sender Themen wie Medienkompetenz, &#8230; Lesen Sie hier weiter&#8230; Original-Content von: MDR Mitteldeutscher Rundfunk, \u00fcbermittelt durch news aktuell<\/p>\n","protected":false},"author":4,"featured_media":0,"comment_status":"closed","ping_status":"closed","sticky":false,"template":"","format":"standard","meta":{"_acf_changed":false,"footnotes":""},"categories":[1],"tags":[],"class_list":["post-106063","post","type-post","status-publish","format-standard","hentry","category-allgemein"],"acf":[],"_links":{"self":[{"href":"https:\/\/conmedia.org\/index.php?rest_route=\/wp\/v2\/posts\/106063","targetHints":{"allow":["GET"]}}],"collection":[{"href":"https:\/\/conmedia.org\/index.php?rest_route=\/wp\/v2\/posts"}],"about":[{"href":"https:\/\/conmedia.org\/index.php?rest_route=\/wp\/v2\/types\/post"}],"author":[{"embeddable":true,"href":"https:\/\/conmedia.org\/index.php?rest_route=\/wp\/v2\/users\/4"}],"replies":[{"embeddable":true,"href":"https:\/\/conmedia.org\/index.php?rest_route=%2Fwp%2Fv2%2Fcomments&post=106063"}],"version-history":[{"count":0,"href":"https:\/\/conmedia.org\/index.php?rest_route=\/wp\/v2\/posts\/106063\/revisions"}],"wp:attachment":[{"href":"https:\/\/conmedia.org\/index.php?rest_route=%2Fwp%2Fv2%2Fmedia&parent=106063"}],"wp:term":[{"taxonomy":"category","embeddable":true,"href":"https:\/\/conmedia.org\/index.php?rest_route=%2Fwp%2Fv2%2Fcategories&post=106063"},{"taxonomy":"post_tag","embeddable":true,"href":"https:\/\/conmedia.org\/index.php?rest_route=%2Fwp%2Fv2%2Ftags&post=106063"}],"curies":[{"name":"wp","href":"https:\/\/api.w.org\/{rel}","templated":true}]}}