{"id":106122,"date":"2026-04-28T12:45:11","date_gmt":"2026-04-28T10:45:11","guid":{"rendered":"http:\/\/zzzconmedia.zierra.de\/?p=106122"},"modified":"2026-04-28T12:45:11","modified_gmt":"2026-04-28T10:45:11","slug":"arte-streamingtipps-im-mai","status":"publish","type":"post","link":"https:\/\/conmedia.org\/?p=106122","title":{"rendered":"ARTE-Streamingtipps im Mai"},"content":{"rendered":"<p><b>ARTE G.E.I.E.<\/b> [<a href=\"https:\/\/www.presseportal.de\/pm\/9021\/6264421\">Newsroom<\/a>]<\/p>\n<div><a href=\"https:\/\/www.presseportal.de\/nr\/9021\"><img decoding=\"async\" src=\"https:\/\/cache.pressmailing.net\/thumbnail\/story_small\/132f47b8-4013-4b6f-a279-278d5cef78e3\/c-reiner-bajo.jpg\" width=\"110\" border=\"0\"><\/a><\/div>\n<p>Stra\u00dfburg (ots) &#8211; K I N O | S E R I E N | F E R N S E H F I L M E Etty Serie | Online ab 13. Mai auf arte.tv und am 21. und 28. Mai auf ARTE Inspiriert von den Tageb\u00fcchern und Briefen der j\u00fcdischen Intellektuellen Etty Hillesum erz\u00e4hlt &#8222;Etty&#8220; &#8230; <a href=\"https:\/\/www.presseportal.de\/pm\/9021\/6264421\">Lesen Sie hier weiter&#8230;<\/a><\/p>\n<p><small>Original-Content von: ARTE G.E.I.E., \u00fcbermittelt durch news aktuell<\/small><\/p>\n","protected":false},"excerpt":{"rendered":"<p>ARTE G.E.I.E. [Newsroom] Stra\u00dfburg (ots) &#8211; K I N O | S E R I E N | F E R N S E H F I L M E Etty Serie | Online ab 13. Mai auf arte.tv und am 21. und 28. Mai auf ARTE Inspiriert von den Tageb\u00fcchern und Briefen der j\u00fcdischen [&hellip;]<\/p>\n","protected":false},"author":4,"featured_media":0,"comment_status":"closed","ping_status":"closed","sticky":false,"template":"","format":"standard","meta":{"_acf_changed":false,"footnotes":""},"categories":[1],"tags":[],"class_list":["post-106122","post","type-post","status-publish","format-standard","hentry","category-allgemein"],"acf":[],"_links":{"self":[{"href":"https:\/\/conmedia.org\/index.php?rest_route=\/wp\/v2\/posts\/106122","targetHints":{"allow":["GET"]}}],"collection":[{"href":"https:\/\/conmedia.org\/index.php?rest_route=\/wp\/v2\/posts"}],"about":[{"href":"https:\/\/conmedia.org\/index.php?rest_route=\/wp\/v2\/types\/post"}],"author":[{"embeddable":true,"href":"https:\/\/conmedia.org\/index.php?rest_route=\/wp\/v2\/users\/4"}],"replies":[{"embeddable":true,"href":"https:\/\/conmedia.org\/index.php?rest_route=%2Fwp%2Fv2%2Fcomments&post=106122"}],"version-history":[{"count":0,"href":"https:\/\/conmedia.org\/index.php?rest_route=\/wp\/v2\/posts\/106122\/revisions"}],"wp:attachment":[{"href":"https:\/\/conmedia.org\/index.php?rest_route=%2Fwp%2Fv2%2Fmedia&parent=106122"}],"wp:term":[{"taxonomy":"category","embeddable":true,"href":"https:\/\/conmedia.org\/index.php?rest_route=%2Fwp%2Fv2%2Fcategories&post=106122"},{"taxonomy":"post_tag","embeddable":true,"href":"https:\/\/conmedia.org\/index.php?rest_route=%2Fwp%2Fv2%2Ftags&post=106122"}],"curies":[{"name":"wp","href":"https:\/\/api.w.org\/{rel}","templated":true}]}}