{"id":106148,"date":"2026-04-28T20:15:08","date_gmt":"2026-04-28T18:15:08","guid":{"rendered":"http:\/\/zzzconmedia.zierra.de\/?p=106148"},"modified":"2026-04-28T20:15:08","modified_gmt":"2026-04-28T18:15:08","slug":"grune-fordern-losung-fur-das-in-koln-geplante-migrationsmuseum-lehmann-bund-und-nrw-sollen-sich-an-mehrkosten-beteiligen","status":"publish","type":"post","link":"https:\/\/conmedia.org\/?p=106148","title":{"rendered":"Gr\u00fcne fordern L\u00f6sung f\u00fcr das in K\u00f6ln geplante Migrationsmuseum &#8211; Lehmann: Bund und NRW sollen sich an Mehrkosten beteiligen"},"content":{"rendered":"<p><b>K\u00f6lner Stadt-Anzeiger<\/b> [<a href=\"https:\/\/www.presseportal.de\/pm\/66749\/6264766\">Newsroom<\/a>]<br \/>K\u00f6ln (ots) &#8211; Der Vorsitzender des Kulturausschusses im Bundestag, Sven Lehmann, hat an Bund und Land NRW appelliert, sich an der Finanzierung der Mehrkosten f\u00fcr Deutschlands erstes Migrationsmuseum in K\u00f6ln zu beteiligen. Die Realisierung des &#8230; <a href=\"https:\/\/www.presseportal.de\/pm\/66749\/6264766\">Lesen Sie hier weiter&#8230;<\/a><\/p>\n<p><small>Original-Content von: K\u00f6lner Stadt-Anzeiger, \u00fcbermittelt durch news aktuell<\/small><\/p>\n","protected":false},"excerpt":{"rendered":"<p>K\u00f6lner Stadt-Anzeiger [Newsroom]K\u00f6ln (ots) &#8211; Der Vorsitzender des Kulturausschusses im Bundestag, Sven Lehmann, hat an Bund und Land NRW appelliert, sich an der Finanzierung der Mehrkosten f\u00fcr Deutschlands erstes Migrationsmuseum in K\u00f6ln zu beteiligen. Die Realisierung des &#8230; Lesen Sie hier weiter&#8230; Original-Content von: K\u00f6lner Stadt-Anzeiger, \u00fcbermittelt durch news aktuell<\/p>\n","protected":false},"author":4,"featured_media":0,"comment_status":"closed","ping_status":"closed","sticky":false,"template":"","format":"standard","meta":{"_acf_changed":false,"footnotes":""},"categories":[1],"tags":[],"class_list":["post-106148","post","type-post","status-publish","format-standard","hentry","category-allgemein"],"acf":[],"_links":{"self":[{"href":"https:\/\/conmedia.org\/index.php?rest_route=\/wp\/v2\/posts\/106148","targetHints":{"allow":["GET"]}}],"collection":[{"href":"https:\/\/conmedia.org\/index.php?rest_route=\/wp\/v2\/posts"}],"about":[{"href":"https:\/\/conmedia.org\/index.php?rest_route=\/wp\/v2\/types\/post"}],"author":[{"embeddable":true,"href":"https:\/\/conmedia.org\/index.php?rest_route=\/wp\/v2\/users\/4"}],"replies":[{"embeddable":true,"href":"https:\/\/conmedia.org\/index.php?rest_route=%2Fwp%2Fv2%2Fcomments&post=106148"}],"version-history":[{"count":0,"href":"https:\/\/conmedia.org\/index.php?rest_route=\/wp\/v2\/posts\/106148\/revisions"}],"wp:attachment":[{"href":"https:\/\/conmedia.org\/index.php?rest_route=%2Fwp%2Fv2%2Fmedia&parent=106148"}],"wp:term":[{"taxonomy":"category","embeddable":true,"href":"https:\/\/conmedia.org\/index.php?rest_route=%2Fwp%2Fv2%2Fcategories&post=106148"},{"taxonomy":"post_tag","embeddable":true,"href":"https:\/\/conmedia.org\/index.php?rest_route=%2Fwp%2Fv2%2Ftags&post=106148"}],"curies":[{"name":"wp","href":"https:\/\/api.w.org\/{rel}","templated":true}]}}