{"id":106150,"date":"2026-04-28T21:30:08","date_gmt":"2026-04-28T19:30:08","guid":{"rendered":"http:\/\/zzzconmedia.zierra.de\/?p=106150"},"modified":"2026-04-28T21:30:08","modified_gmt":"2026-04-28T19:30:08","slug":"vw-chef-oliver-blume-will-in-rustungsgeschaft-einsteigen","status":"publish","type":"post","link":"https:\/\/conmedia.org\/?p=106150","title":{"rendered":"VW-Chef Oliver Blume will in R\u00fcstungsgesch\u00e4ft einsteigen"},"content":{"rendered":"<p>Der Volkswagenkonzern will offenbar f\u00fcr die Verteidigungsbranche produzieren. Bislang gab es nur Mutma\u00dfungen, was das genau bedeuten k\u00f6nnte. Jetzt gibt der Vorstandsvorsitzende Blume erstmals Details bekannt.<\/p>\n","protected":false},"excerpt":{"rendered":"<p>Der Volkswagenkonzern will offenbar f\u00fcr die Verteidigungsbranche produzieren. Bislang gab es nur Mutma\u00dfungen, was das genau bedeuten k\u00f6nnte. Jetzt gibt der Vorstandsvorsitzende Blume erstmals Details bekannt.<\/p>\n","protected":false},"author":4,"featured_media":0,"comment_status":"closed","ping_status":"closed","sticky":false,"template":"","format":"standard","meta":{"_acf_changed":false,"footnotes":""},"categories":[1],"tags":[],"class_list":["post-106150","post","type-post","status-publish","format-standard","hentry","category-allgemein"],"acf":[],"_links":{"self":[{"href":"https:\/\/conmedia.org\/index.php?rest_route=\/wp\/v2\/posts\/106150","targetHints":{"allow":["GET"]}}],"collection":[{"href":"https:\/\/conmedia.org\/index.php?rest_route=\/wp\/v2\/posts"}],"about":[{"href":"https:\/\/conmedia.org\/index.php?rest_route=\/wp\/v2\/types\/post"}],"author":[{"embeddable":true,"href":"https:\/\/conmedia.org\/index.php?rest_route=\/wp\/v2\/users\/4"}],"replies":[{"embeddable":true,"href":"https:\/\/conmedia.org\/index.php?rest_route=%2Fwp%2Fv2%2Fcomments&post=106150"}],"version-history":[{"count":0,"href":"https:\/\/conmedia.org\/index.php?rest_route=\/wp\/v2\/posts\/106150\/revisions"}],"wp:attachment":[{"href":"https:\/\/conmedia.org\/index.php?rest_route=%2Fwp%2Fv2%2Fmedia&parent=106150"}],"wp:term":[{"taxonomy":"category","embeddable":true,"href":"https:\/\/conmedia.org\/index.php?rest_route=%2Fwp%2Fv2%2Fcategories&post=106150"},{"taxonomy":"post_tag","embeddable":true,"href":"https:\/\/conmedia.org\/index.php?rest_route=%2Fwp%2Fv2%2Ftags&post=106150"}],"curies":[{"name":"wp","href":"https:\/\/api.w.org\/{rel}","templated":true}]}}