{"id":106156,"date":"2026-04-29T07:30:08","date_gmt":"2026-04-29T05:30:08","guid":{"rendered":"http:\/\/zzzconmedia.zierra.de\/?p=106156"},"modified":"2026-04-29T07:30:08","modified_gmt":"2026-04-29T05:30:08","slug":"zum-80-jubilaum-ein-jahr-lang-defa-dienstag-mit-drei-exklusiven-mdr-premieren","status":"publish","type":"post","link":"https:\/\/conmedia.org\/?p=106156","title":{"rendered":"Zum 80. Jubil\u00e4um: Ein Jahr lang DEFA-Dienstag mit drei exklusiven MDR-Premieren"},"content":{"rendered":"<p><b>MDR Mitteldeutscher Rundfunk<\/b> [<a href=\"https:\/\/www.presseportal.de\/pm\/7880\/6264804\">Newsroom<\/a>]<\/p>\n<div><a href=\"https:\/\/www.presseportal.de\/nr\/7880\"><img decoding=\"async\" src=\"https:\/\/cache.pressmailing.net\/thumbnail\/story_small\/1fff705f-6d33-42d6-b46b-7b510bf091f2\/DEFA80-Logo.jpg\" width=\"110\" border=\"0\"><\/a><\/div>\n<p>Leipzig (ots) &#8211; Vor 80 Jahren wurde die DEFA gegr\u00fcndet. Der MDR w\u00fcrdigt dieses Jubil\u00e4um seit Jahresbeginn mit einem besonderen Programmangebot: dem DEFA-Dienstag. An jedem ersten Dienstag im Monat zeigt das MDR-Fernsehen einen ausgew\u00e4hlten &#8230; <a href=\"https:\/\/www.presseportal.de\/pm\/7880\/6264804\">Lesen Sie hier weiter&#8230;<\/a><\/p>\n<p><small>Original-Content von: MDR Mitteldeutscher Rundfunk, \u00fcbermittelt durch news aktuell<\/small><\/p>\n","protected":false},"excerpt":{"rendered":"<p>MDR Mitteldeutscher Rundfunk [Newsroom] Leipzig (ots) &#8211; Vor 80 Jahren wurde die DEFA gegr\u00fcndet. Der MDR w\u00fcrdigt dieses Jubil\u00e4um seit Jahresbeginn mit einem besonderen Programmangebot: dem DEFA-Dienstag. An jedem ersten Dienstag im Monat zeigt das MDR-Fernsehen einen ausgew\u00e4hlten &#8230; Lesen Sie hier weiter&#8230; Original-Content von: MDR Mitteldeutscher Rundfunk, \u00fcbermittelt durch news aktuell<\/p>\n","protected":false},"author":4,"featured_media":0,"comment_status":"closed","ping_status":"closed","sticky":false,"template":"","format":"standard","meta":{"_acf_changed":false,"footnotes":""},"categories":[1],"tags":[],"class_list":["post-106156","post","type-post","status-publish","format-standard","hentry","category-allgemein"],"acf":[],"_links":{"self":[{"href":"https:\/\/conmedia.org\/index.php?rest_route=\/wp\/v2\/posts\/106156","targetHints":{"allow":["GET"]}}],"collection":[{"href":"https:\/\/conmedia.org\/index.php?rest_route=\/wp\/v2\/posts"}],"about":[{"href":"https:\/\/conmedia.org\/index.php?rest_route=\/wp\/v2\/types\/post"}],"author":[{"embeddable":true,"href":"https:\/\/conmedia.org\/index.php?rest_route=\/wp\/v2\/users\/4"}],"replies":[{"embeddable":true,"href":"https:\/\/conmedia.org\/index.php?rest_route=%2Fwp%2Fv2%2Fcomments&post=106156"}],"version-history":[{"count":0,"href":"https:\/\/conmedia.org\/index.php?rest_route=\/wp\/v2\/posts\/106156\/revisions"}],"wp:attachment":[{"href":"https:\/\/conmedia.org\/index.php?rest_route=%2Fwp%2Fv2%2Fmedia&parent=106156"}],"wp:term":[{"taxonomy":"category","embeddable":true,"href":"https:\/\/conmedia.org\/index.php?rest_route=%2Fwp%2Fv2%2Fcategories&post=106156"},{"taxonomy":"post_tag","embeddable":true,"href":"https:\/\/conmedia.org\/index.php?rest_route=%2Fwp%2Fv2%2Ftags&post=106156"}],"curies":[{"name":"wp","href":"https:\/\/api.w.org\/{rel}","templated":true}]}}