{"id":106170,"date":"2026-04-29T11:15:12","date_gmt":"2026-04-29T09:15:12","guid":{"rendered":"http:\/\/zzzconmedia.zierra.de\/?p=106170"},"modified":"2026-04-29T11:15:12","modified_gmt":"2026-04-29T09:15:12","slug":"wapo-bodensee-drehstart-zum-ersten-neunzigminuter","status":"publish","type":"post","link":"https:\/\/conmedia.org\/?p=106170","title":{"rendered":"&#8222;WaPo Bodensee&#8220;: Drehstart zum ersten Neunzigmin\u00fcter"},"content":{"rendered":"<p><b>SWR &#8211; Das Erste<\/b> [<a href=\"https:\/\/www.presseportal.de\/pm\/75892\/6265078\">Newsroom<\/a>]<\/p>\n<div><a href=\"https:\/\/www.presseportal.de\/nr\/75892\"><img decoding=\"async\" src=\"https:\/\/cache.pressmailing.net\/thumbnail\/story_small\/04a766fd-7b37-4cc5-be4d-c3ad9ea3731b\/1_Drehstart_WaPo_Bod~see_Unter_Druck.jpg\" width=\"110\" border=\"0\"><\/a><\/div>\n<p>Baden-Baden (ots) &#8211; &#8222;Unter Druck&#8220; mit Floriane Daniel, Tim Wilde, Wendy G\u00fcntensperger und Max K\u00f6nig &#8222;WaPo Bodensee&#8220; in Spielfilml\u00e4nge: Die Dreharbeiten zum ersten Hauptabendfilm mit dem Team der beliebten ARD Serie sind gestartet. In &#8222;WaPo &#8230; <a href=\"https:\/\/www.presseportal.de\/pm\/75892\/6265078\">Lesen Sie hier weiter&#8230;<\/a><\/p>\n<p><small>Original-Content von: SWR &#8211; Das Erste, \u00fcbermittelt durch news aktuell<\/small><\/p>\n","protected":false},"excerpt":{"rendered":"<p>SWR &#8211; Das Erste [Newsroom] Baden-Baden (ots) &#8211; &#8222;Unter Druck&#8220; mit Floriane Daniel, Tim Wilde, Wendy G\u00fcntensperger und Max K\u00f6nig &#8222;WaPo Bodensee&#8220; in Spielfilml\u00e4nge: Die Dreharbeiten zum ersten Hauptabendfilm mit dem Team der beliebten ARD Serie sind gestartet. In &#8222;WaPo &#8230; Lesen Sie hier weiter&#8230; Original-Content von: SWR &#8211; Das Erste, \u00fcbermittelt durch news aktuell<\/p>\n","protected":false},"author":4,"featured_media":0,"comment_status":"closed","ping_status":"closed","sticky":false,"template":"","format":"standard","meta":{"_acf_changed":false,"footnotes":""},"categories":[1],"tags":[],"class_list":["post-106170","post","type-post","status-publish","format-standard","hentry","category-allgemein"],"acf":[],"_links":{"self":[{"href":"https:\/\/conmedia.org\/index.php?rest_route=\/wp\/v2\/posts\/106170","targetHints":{"allow":["GET"]}}],"collection":[{"href":"https:\/\/conmedia.org\/index.php?rest_route=\/wp\/v2\/posts"}],"about":[{"href":"https:\/\/conmedia.org\/index.php?rest_route=\/wp\/v2\/types\/post"}],"author":[{"embeddable":true,"href":"https:\/\/conmedia.org\/index.php?rest_route=\/wp\/v2\/users\/4"}],"replies":[{"embeddable":true,"href":"https:\/\/conmedia.org\/index.php?rest_route=%2Fwp%2Fv2%2Fcomments&post=106170"}],"version-history":[{"count":0,"href":"https:\/\/conmedia.org\/index.php?rest_route=\/wp\/v2\/posts\/106170\/revisions"}],"wp:attachment":[{"href":"https:\/\/conmedia.org\/index.php?rest_route=%2Fwp%2Fv2%2Fmedia&parent=106170"}],"wp:term":[{"taxonomy":"category","embeddable":true,"href":"https:\/\/conmedia.org\/index.php?rest_route=%2Fwp%2Fv2%2Fcategories&post=106170"},{"taxonomy":"post_tag","embeddable":true,"href":"https:\/\/conmedia.org\/index.php?rest_route=%2Fwp%2Fv2%2Ftags&post=106170"}],"curies":[{"name":"wp","href":"https:\/\/api.w.org\/{rel}","templated":true}]}}