{"id":106193,"date":"2026-04-29T17:15:09","date_gmt":"2026-04-29T15:15:09","guid":{"rendered":"http:\/\/zzzconmedia.zierra.de\/?p=106193"},"modified":"2026-04-29T17:15:09","modified_gmt":"2026-04-29T15:15:09","slug":"meurer-warken-spart-als-hatte-sie-mit-ki-die-einfachste-losung-suchen-wollen-bpa-fordert-korrektur-der-gkv-reform-im-parlamentarischen-verfahren-und-den-erhalt-der-tarifrefinanzierung-im-sgb-v","status":"publish","type":"post","link":"https:\/\/conmedia.org\/?p=106193","title":{"rendered":"Meurer: &#8222;Warken spart, als h\u00e4tte sie mit KI die einfachste L\u00f6sung suchen wollen.&#8220; \/ bpa fordert Korrektur der GKV-Reform im parlamentarischen Verfahren und den Erhalt der Tarifrefinanzierung im SGB V"},"content":{"rendered":"<p><b>bpa &#8211; Bundesverband privater Anbieter sozialer Dienste e.V.<\/b> [<a href=\"https:\/\/www.presseportal.de\/pm\/17920\/6265634\">Newsroom<\/a>]<\/p>\n<div><a href=\"https:\/\/www.presseportal.de\/nr\/17920\"><img decoding=\"async\" src=\"https:\/\/cache.pressmailing.net\/thumbnail\/story_small\/81e7d074-4cec-4148-8df2-5abe97d3cd28\/bpa_bernd_meurer_web-01.jpg\" width=\"110\" border=\"0\"><\/a><\/div>\n<p>Berlin (ots) &#8211; Zur heute vom Bundeskabinett beschlossenen GKV-Reform sagt der Pr\u00e4sident des Bundesverbandes privater Anbieter sozialer Dienste e.V. (bpa), Bernd Meurer: &#8222;Warken spart, als h\u00e4tte sie mit k\u00fcnstlicher Intelligenz die einfachste &#8230; <a href=\"https:\/\/www.presseportal.de\/pm\/17920\/6265634\">Lesen Sie hier weiter&#8230;<\/a><\/p>\n<p><small>Original-Content von: bpa &#8211; Bundesverband privater Anbieter sozialer Dienste e.V., \u00fcbermittelt durch news aktuell<\/small><\/p>\n","protected":false},"excerpt":{"rendered":"<p>bpa &#8211; Bundesverband privater Anbieter sozialer Dienste e.V. [Newsroom] Berlin (ots) &#8211; Zur heute vom Bundeskabinett beschlossenen GKV-Reform sagt der Pr\u00e4sident des Bundesverbandes privater Anbieter sozialer Dienste e.V. (bpa), Bernd Meurer: &#8222;Warken spart, als h\u00e4tte sie mit k\u00fcnstlicher Intelligenz die einfachste &#8230; Lesen Sie hier weiter&#8230; Original-Content von: bpa &#8211; Bundesverband privater Anbieter sozialer Dienste [&hellip;]<\/p>\n","protected":false},"author":4,"featured_media":0,"comment_status":"closed","ping_status":"closed","sticky":false,"template":"","format":"standard","meta":{"_acf_changed":false,"footnotes":""},"categories":[1],"tags":[],"class_list":["post-106193","post","type-post","status-publish","format-standard","hentry","category-allgemein"],"acf":[],"_links":{"self":[{"href":"https:\/\/conmedia.org\/index.php?rest_route=\/wp\/v2\/posts\/106193","targetHints":{"allow":["GET"]}}],"collection":[{"href":"https:\/\/conmedia.org\/index.php?rest_route=\/wp\/v2\/posts"}],"about":[{"href":"https:\/\/conmedia.org\/index.php?rest_route=\/wp\/v2\/types\/post"}],"author":[{"embeddable":true,"href":"https:\/\/conmedia.org\/index.php?rest_route=\/wp\/v2\/users\/4"}],"replies":[{"embeddable":true,"href":"https:\/\/conmedia.org\/index.php?rest_route=%2Fwp%2Fv2%2Fcomments&post=106193"}],"version-history":[{"count":0,"href":"https:\/\/conmedia.org\/index.php?rest_route=\/wp\/v2\/posts\/106193\/revisions"}],"wp:attachment":[{"href":"https:\/\/conmedia.org\/index.php?rest_route=%2Fwp%2Fv2%2Fmedia&parent=106193"}],"wp:term":[{"taxonomy":"category","embeddable":true,"href":"https:\/\/conmedia.org\/index.php?rest_route=%2Fwp%2Fv2%2Fcategories&post=106193"},{"taxonomy":"post_tag","embeddable":true,"href":"https:\/\/conmedia.org\/index.php?rest_route=%2Fwp%2Fv2%2Ftags&post=106193"}],"curies":[{"name":"wp","href":"https:\/\/api.w.org\/{rel}","templated":true}]}}