{"id":106200,"date":"2026-04-29T18:30:11","date_gmt":"2026-04-29T16:30:11","guid":{"rendered":"http:\/\/zzzconmedia.zierra.de\/?p=106200"},"modified":"2026-04-29T18:30:11","modified_gmt":"2026-04-29T16:30:11","slug":"feierliche-ubergabe-des-forderbescheides-uber-rund-12-millionen-euro-fur-das-projekt-zapfdigital-durch-sozialministerin-aminata-toure","status":"publish","type":"post","link":"https:\/\/conmedia.org\/?p=106200","title":{"rendered":"Feierliche \u00dcbergabe des F\u00f6rderbescheides \u00fcber rund 1,2 Millionen Euro f\u00fcr das Projekt ZAPF@DigitAl durch Sozialministerin Aminata Tour\u00e9"},"content":{"rendered":"<p><b>bpa &#8211; Bundesverband privater Anbieter sozialer Dienste e.V.<\/b> [<a href=\"https:\/\/www.presseportal.de\/pm\/17920\/6265596\">Newsroom<\/a>]<br \/>Kiel (ots) &#8211; Aminata Tour\u00e9, Ministerin f\u00fcr Soziales, Jugend, Familie, Senioren, Integration und Gleichstellung des Landes Schleswig-Holstein und Iris Kr\u00f6ner, Landesdirektorin der AOK Nordwest \u00fcbergaben auf dem Jahresempfang der Landesgruppe &#8230; <a href=\"https:\/\/www.presseportal.de\/pm\/17920\/6265596\">Lesen Sie hier weiter&#8230;<\/a><\/p>\n<p><small>Original-Content von: bpa &#8211; Bundesverband privater Anbieter sozialer Dienste e.V., \u00fcbermittelt durch news aktuell<\/small><\/p>\n","protected":false},"excerpt":{"rendered":"<p>bpa &#8211; Bundesverband privater Anbieter sozialer Dienste e.V. [Newsroom]Kiel (ots) &#8211; Aminata Tour\u00e9, Ministerin f\u00fcr Soziales, Jugend, Familie, Senioren, Integration und Gleichstellung des Landes Schleswig-Holstein und Iris Kr\u00f6ner, Landesdirektorin der AOK Nordwest \u00fcbergaben auf dem Jahresempfang der Landesgruppe &#8230; Lesen Sie hier weiter&#8230; Original-Content von: bpa &#8211; Bundesverband privater Anbieter sozialer Dienste e.V., \u00fcbermittelt durch [&hellip;]<\/p>\n","protected":false},"author":4,"featured_media":0,"comment_status":"closed","ping_status":"closed","sticky":false,"template":"","format":"standard","meta":{"_acf_changed":false,"footnotes":""},"categories":[1],"tags":[],"class_list":["post-106200","post","type-post","status-publish","format-standard","hentry","category-allgemein"],"acf":[],"_links":{"self":[{"href":"https:\/\/conmedia.org\/index.php?rest_route=\/wp\/v2\/posts\/106200","targetHints":{"allow":["GET"]}}],"collection":[{"href":"https:\/\/conmedia.org\/index.php?rest_route=\/wp\/v2\/posts"}],"about":[{"href":"https:\/\/conmedia.org\/index.php?rest_route=\/wp\/v2\/types\/post"}],"author":[{"embeddable":true,"href":"https:\/\/conmedia.org\/index.php?rest_route=\/wp\/v2\/users\/4"}],"replies":[{"embeddable":true,"href":"https:\/\/conmedia.org\/index.php?rest_route=%2Fwp%2Fv2%2Fcomments&post=106200"}],"version-history":[{"count":0,"href":"https:\/\/conmedia.org\/index.php?rest_route=\/wp\/v2\/posts\/106200\/revisions"}],"wp:attachment":[{"href":"https:\/\/conmedia.org\/index.php?rest_route=%2Fwp%2Fv2%2Fmedia&parent=106200"}],"wp:term":[{"taxonomy":"category","embeddable":true,"href":"https:\/\/conmedia.org\/index.php?rest_route=%2Fwp%2Fv2%2Fcategories&post=106200"},{"taxonomy":"post_tag","embeddable":true,"href":"https:\/\/conmedia.org\/index.php?rest_route=%2Fwp%2Fv2%2Ftags&post=106200"}],"curies":[{"name":"wp","href":"https:\/\/api.w.org\/{rel}","templated":true}]}}