{"id":106203,"date":"2026-04-29T21:00:09","date_gmt":"2026-04-29T19:00:09","guid":{"rendered":"http:\/\/zzzconmedia.zierra.de\/?p=106203"},"modified":"2026-04-29T21:00:09","modified_gmt":"2026-04-29T19:00:09","slug":"zdf-3sat-und-mainz-verleihen-literaturpreis-an-sven-regener","status":"publish","type":"post","link":"https:\/\/conmedia.org\/?p=106203","title":{"rendered":"ZDF, 3sat und Mainz verleihen Literaturpreis an Sven Regener"},"content":{"rendered":"<p><b>ZDF<\/b> [<a href=\"https:\/\/www.presseportal.de\/pm\/7840\/6265678\">Newsroom<\/a>]<\/p>\n<div><a href=\"https:\/\/www.presseportal.de\/nr\/7840\"><img decoding=\"async\" src=\"https:\/\/cache.pressmailing.net\/thumbnail\/story_small\/3fe3c686-4786-4a9b-a8d0-0ac8dabef024\/Mainzer_Stadtschreib~%5BM%5D_94936-0-9.O.jpg\" width=\"110\" border=\"0\"><\/a><\/div>\n<p>Mainz (ots) &#8211; Der Mainzer Stadtschreiber Literaturpreis von ZDF, 3sat und der Landeshauptstadt Mainz wurde am Mittwoch, 29. April 2026, an den Schriftsteller Sven Regener verliehen. Die Urkunde wurde dem Preistr\u00e4ger im Mainzer Leibniz-Zentrum f\u00fcr &#8230; <a href=\"https:\/\/www.presseportal.de\/pm\/7840\/6265678\">Lesen Sie hier weiter&#8230;<\/a><\/p>\n<p><small>Original-Content von: ZDF, \u00fcbermittelt durch news aktuell<\/small><\/p>\n","protected":false},"excerpt":{"rendered":"<p>ZDF [Newsroom] Mainz (ots) &#8211; Der Mainzer Stadtschreiber Literaturpreis von ZDF, 3sat und der Landeshauptstadt Mainz wurde am Mittwoch, 29. April 2026, an den Schriftsteller Sven Regener verliehen. Die Urkunde wurde dem Preistr\u00e4ger im Mainzer Leibniz-Zentrum f\u00fcr &#8230; Lesen Sie hier weiter&#8230; Original-Content von: ZDF, \u00fcbermittelt durch news aktuell<\/p>\n","protected":false},"author":4,"featured_media":0,"comment_status":"closed","ping_status":"closed","sticky":false,"template":"","format":"standard","meta":{"_acf_changed":false,"footnotes":""},"categories":[1],"tags":[],"class_list":["post-106203","post","type-post","status-publish","format-standard","hentry","category-allgemein"],"acf":[],"_links":{"self":[{"href":"https:\/\/conmedia.org\/index.php?rest_route=\/wp\/v2\/posts\/106203","targetHints":{"allow":["GET"]}}],"collection":[{"href":"https:\/\/conmedia.org\/index.php?rest_route=\/wp\/v2\/posts"}],"about":[{"href":"https:\/\/conmedia.org\/index.php?rest_route=\/wp\/v2\/types\/post"}],"author":[{"embeddable":true,"href":"https:\/\/conmedia.org\/index.php?rest_route=\/wp\/v2\/users\/4"}],"replies":[{"embeddable":true,"href":"https:\/\/conmedia.org\/index.php?rest_route=%2Fwp%2Fv2%2Fcomments&post=106203"}],"version-history":[{"count":0,"href":"https:\/\/conmedia.org\/index.php?rest_route=\/wp\/v2\/posts\/106203\/revisions"}],"wp:attachment":[{"href":"https:\/\/conmedia.org\/index.php?rest_route=%2Fwp%2Fv2%2Fmedia&parent=106203"}],"wp:term":[{"taxonomy":"category","embeddable":true,"href":"https:\/\/conmedia.org\/index.php?rest_route=%2Fwp%2Fv2%2Fcategories&post=106203"},{"taxonomy":"post_tag","embeddable":true,"href":"https:\/\/conmedia.org\/index.php?rest_route=%2Fwp%2Fv2%2Ftags&post=106203"}],"curies":[{"name":"wp","href":"https:\/\/api.w.org\/{rel}","templated":true}]}}