{"id":106209,"date":"2026-04-30T01:45:09","date_gmt":"2026-04-29T23:45:09","guid":{"rendered":"http:\/\/zzzconmedia.zierra.de\/?p=106209"},"modified":"2026-04-30T01:45:09","modified_gmt":"2026-04-29T23:45:09","slug":"zahl-der-abschiebungen-aus-deutschland-im-1-quartal-2026-gesunken-linke-kritisiert-besorgniserregend-hohes-niveau-bunger-fordert-abschiebestopp-fur-iran","status":"publish","type":"post","link":"https:\/\/conmedia.org\/?p=106209","title":{"rendered":"Zahl der Abschiebungen aus Deutschland im 1. Quartal 2026 gesunken \/ Linke kritisiert &#8222;besorgniserregend hohes Niveau&#8220; &#8211; B\u00fcnger fordert Abschiebestopp f\u00fcr Iran"},"content":{"rendered":"<p><b>Neue Osnabr\u00fccker Zeitung<\/b> [<a href=\"https:\/\/www.presseportal.de\/pm\/58964\/6265697\">Newsroom<\/a>]<br \/>Osnabr\u00fcck (ots) &#8211; Nach f\u00fcnf Jahren kontinuierlichen Anstiegs ist die Zahl der Abschiebungen aus Deutschland im 1. Quartal 2026 erstmals wieder gesunken. Insgesamt mussten in den ersten drei Monaten dieses Jahres 4807 Menschen das Land zwangsweise &#8230; <a href=\"https:\/\/www.presseportal.de\/pm\/58964\/6265697\">Lesen Sie hier weiter&#8230;<\/a><\/p>\n<p><small>Original-Content von: Neue Osnabr\u00fccker Zeitung, \u00fcbermittelt durch news aktuell<\/small><\/p>\n","protected":false},"excerpt":{"rendered":"<p>Neue Osnabr\u00fccker Zeitung [Newsroom]Osnabr\u00fcck (ots) &#8211; Nach f\u00fcnf Jahren kontinuierlichen Anstiegs ist die Zahl der Abschiebungen aus Deutschland im 1. Quartal 2026 erstmals wieder gesunken. Insgesamt mussten in den ersten drei Monaten dieses Jahres 4807 Menschen das Land zwangsweise &#8230; Lesen Sie hier weiter&#8230; Original-Content von: Neue Osnabr\u00fccker Zeitung, \u00fcbermittelt durch news aktuell<\/p>\n","protected":false},"author":4,"featured_media":0,"comment_status":"closed","ping_status":"closed","sticky":false,"template":"","format":"standard","meta":{"_acf_changed":false,"footnotes":""},"categories":[1],"tags":[],"class_list":["post-106209","post","type-post","status-publish","format-standard","hentry","category-allgemein"],"acf":[],"_links":{"self":[{"href":"https:\/\/conmedia.org\/index.php?rest_route=\/wp\/v2\/posts\/106209","targetHints":{"allow":["GET"]}}],"collection":[{"href":"https:\/\/conmedia.org\/index.php?rest_route=\/wp\/v2\/posts"}],"about":[{"href":"https:\/\/conmedia.org\/index.php?rest_route=\/wp\/v2\/types\/post"}],"author":[{"embeddable":true,"href":"https:\/\/conmedia.org\/index.php?rest_route=\/wp\/v2\/users\/4"}],"replies":[{"embeddable":true,"href":"https:\/\/conmedia.org\/index.php?rest_route=%2Fwp%2Fv2%2Fcomments&post=106209"}],"version-history":[{"count":0,"href":"https:\/\/conmedia.org\/index.php?rest_route=\/wp\/v2\/posts\/106209\/revisions"}],"wp:attachment":[{"href":"https:\/\/conmedia.org\/index.php?rest_route=%2Fwp%2Fv2%2Fmedia&parent=106209"}],"wp:term":[{"taxonomy":"category","embeddable":true,"href":"https:\/\/conmedia.org\/index.php?rest_route=%2Fwp%2Fv2%2Fcategories&post=106209"},{"taxonomy":"post_tag","embeddable":true,"href":"https:\/\/conmedia.org\/index.php?rest_route=%2Fwp%2Fv2%2Ftags&post=106209"}],"curies":[{"name":"wp","href":"https:\/\/api.w.org\/{rel}","templated":true}]}}