{"id":106217,"date":"2026-04-30T07:45:11","date_gmt":"2026-04-30T05:45:11","guid":{"rendered":"http:\/\/zzzconmedia.zierra.de\/?p=106217"},"modified":"2026-04-30T07:45:11","modified_gmt":"2026-04-30T05:45:11","slug":"nur-noch-ein-prozent-der-weltbevolkerung-lebt-in-landern-mit-guter-pressefreiheit-reporter-ohne-grenzen-veroffentlicht-rangliste-der-pressefreiheit-2026","status":"publish","type":"post","link":"https:\/\/conmedia.org\/?p=106217","title":{"rendered":"Nur noch ein Prozent der Weltbev\u00f6lkerung lebt in L\u00e4ndern mit guter Pressefreiheit: Reporter ohne Grenzen ver\u00f6ffentlicht Rangliste der Pressefreiheit 2026"},"content":{"rendered":"<p><b>Reporter ohne Grenzen e.V.<\/b> [<a href=\"https:\/\/www.presseportal.de\/pm\/51548\/6265707\">Newsroom<\/a>]<\/p>\n<div><a href=\"https:\/\/www.presseportal.de\/nr\/51548\"><img decoding=\"async\" src=\"https:\/\/cache.pressmailing.net\/thumbnail\/story_small\/43ac987b-4efb-49b9-abf1-7bf107dcf4ec\/RSF%20Weltkarte%20der%20Pr~6_9_Balken_blau.jpg\" width=\"110\" border=\"0\"><\/a><\/div>\n<p>Berlin (ots) &#8211; F\u00fcnf Kernpunkte der Rangliste der Pressefreiheit 2026: &#8211; Zum ersten Mal in der 25-j\u00e4hrigen Geschichte der Rangliste der Pressefreiheit fallen mehr als die H\u00e4lfte aller L\u00e4nder und Territorien der Welt in die Kategorien &#8222;schwierig&#8220; &#8230; <a href=\"https:\/\/www.presseportal.de\/pm\/51548\/6265707\">Lesen Sie hier weiter&#8230;<\/a><\/p>\n<p><small>Original-Content von: Reporter ohne Grenzen e.V., \u00fcbermittelt durch news aktuell<\/small><\/p>\n","protected":false},"excerpt":{"rendered":"<p>Reporter ohne Grenzen e.V. [Newsroom] Berlin (ots) &#8211; F\u00fcnf Kernpunkte der Rangliste der Pressefreiheit 2026: &#8211; Zum ersten Mal in der 25-j\u00e4hrigen Geschichte der Rangliste der Pressefreiheit fallen mehr als die H\u00e4lfte aller L\u00e4nder und Territorien der Welt in die Kategorien &#8222;schwierig&#8220; &#8230; Lesen Sie hier weiter&#8230; Original-Content von: Reporter ohne Grenzen e.V., \u00fcbermittelt durch [&hellip;]<\/p>\n","protected":false},"author":4,"featured_media":0,"comment_status":"closed","ping_status":"closed","sticky":false,"template":"","format":"standard","meta":{"_acf_changed":false,"footnotes":""},"categories":[1],"tags":[],"class_list":["post-106217","post","type-post","status-publish","format-standard","hentry","category-allgemein"],"acf":[],"_links":{"self":[{"href":"https:\/\/conmedia.org\/index.php?rest_route=\/wp\/v2\/posts\/106217","targetHints":{"allow":["GET"]}}],"collection":[{"href":"https:\/\/conmedia.org\/index.php?rest_route=\/wp\/v2\/posts"}],"about":[{"href":"https:\/\/conmedia.org\/index.php?rest_route=\/wp\/v2\/types\/post"}],"author":[{"embeddable":true,"href":"https:\/\/conmedia.org\/index.php?rest_route=\/wp\/v2\/users\/4"}],"replies":[{"embeddable":true,"href":"https:\/\/conmedia.org\/index.php?rest_route=%2Fwp%2Fv2%2Fcomments&post=106217"}],"version-history":[{"count":0,"href":"https:\/\/conmedia.org\/index.php?rest_route=\/wp\/v2\/posts\/106217\/revisions"}],"wp:attachment":[{"href":"https:\/\/conmedia.org\/index.php?rest_route=%2Fwp%2Fv2%2Fmedia&parent=106217"}],"wp:term":[{"taxonomy":"category","embeddable":true,"href":"https:\/\/conmedia.org\/index.php?rest_route=%2Fwp%2Fv2%2Fcategories&post=106217"},{"taxonomy":"post_tag","embeddable":true,"href":"https:\/\/conmedia.org\/index.php?rest_route=%2Fwp%2Fv2%2Ftags&post=106217"}],"curies":[{"name":"wp","href":"https:\/\/api.w.org\/{rel}","templated":true}]}}