{"id":106220,"date":"2026-04-30T09:00:10","date_gmt":"2026-04-30T07:00:10","guid":{"rendered":"http:\/\/zzzconmedia.zierra.de\/?p=106220"},"modified":"2026-04-30T09:00:10","modified_gmt":"2026-04-30T07:00:10","slug":"elektromobilitat-rechnet-sich-heute-schon-wenn-das-laden-passt","status":"publish","type":"post","link":"https:\/\/conmedia.org\/?p=106220","title":{"rendered":"Elektromobilit\u00e4t rechnet sich heute schon &#8211; wenn das Laden passt"},"content":{"rendered":"<p><b>ads-tec Energy plc<\/b> [<a href=\"https:\/\/www.presseportal.de\/pm\/182456\/6265786\">Newsroom<\/a>]<\/p>\n<div><a href=\"https:\/\/www.presseportal.de\/nr\/182456\"><img decoding=\"async\" src=\"https:\/\/cache.pressmailing.net\/thumbnail\/story_small\/c57b5186-6e5d-4d74-ad0c-c183465b28f1\/Bild%20.jpg\" width=\"110\" border=\"0\"><\/a><\/div>\n<p>N\u00fcrtingen (ots) &#8211; In vielen Unternehmen gilt Elektromobilit\u00e4t noch immer als kompliziert oder teuer &#8211; und eher als Frage von Nachhaltigkeit und Regulierung. Im Gespr\u00e4ch erkl\u00e4rt Thomas Speidel, CEO von ADS-TEC Energy, warum Elektromobilit\u00e4t &#8230; <a href=\"https:\/\/www.presseportal.de\/pm\/182456\/6265786\">Lesen Sie hier weiter&#8230;<\/a><\/p>\n<p><small>Original-Content von: ads-tec Energy plc, \u00fcbermittelt durch news aktuell<\/small><\/p>\n","protected":false},"excerpt":{"rendered":"<p>ads-tec Energy plc [Newsroom] N\u00fcrtingen (ots) &#8211; In vielen Unternehmen gilt Elektromobilit\u00e4t noch immer als kompliziert oder teuer &#8211; und eher als Frage von Nachhaltigkeit und Regulierung. Im Gespr\u00e4ch erkl\u00e4rt Thomas Speidel, CEO von ADS-TEC Energy, warum Elektromobilit\u00e4t &#8230; Lesen Sie hier weiter&#8230; Original-Content von: ads-tec Energy plc, \u00fcbermittelt durch news aktuell<\/p>\n","protected":false},"author":4,"featured_media":0,"comment_status":"closed","ping_status":"closed","sticky":false,"template":"","format":"standard","meta":{"_acf_changed":false,"footnotes":""},"categories":[1],"tags":[],"class_list":["post-106220","post","type-post","status-publish","format-standard","hentry","category-allgemein"],"acf":[],"_links":{"self":[{"href":"https:\/\/conmedia.org\/index.php?rest_route=\/wp\/v2\/posts\/106220","targetHints":{"allow":["GET"]}}],"collection":[{"href":"https:\/\/conmedia.org\/index.php?rest_route=\/wp\/v2\/posts"}],"about":[{"href":"https:\/\/conmedia.org\/index.php?rest_route=\/wp\/v2\/types\/post"}],"author":[{"embeddable":true,"href":"https:\/\/conmedia.org\/index.php?rest_route=\/wp\/v2\/users\/4"}],"replies":[{"embeddable":true,"href":"https:\/\/conmedia.org\/index.php?rest_route=%2Fwp%2Fv2%2Fcomments&post=106220"}],"version-history":[{"count":0,"href":"https:\/\/conmedia.org\/index.php?rest_route=\/wp\/v2\/posts\/106220\/revisions"}],"wp:attachment":[{"href":"https:\/\/conmedia.org\/index.php?rest_route=%2Fwp%2Fv2%2Fmedia&parent=106220"}],"wp:term":[{"taxonomy":"category","embeddable":true,"href":"https:\/\/conmedia.org\/index.php?rest_route=%2Fwp%2Fv2%2Fcategories&post=106220"},{"taxonomy":"post_tag","embeddable":true,"href":"https:\/\/conmedia.org\/index.php?rest_route=%2Fwp%2Fv2%2Ftags&post=106220"}],"curies":[{"name":"wp","href":"https:\/\/api.w.org\/{rel}","templated":true}]}}