{"id":106230,"date":"2026-04-30T11:30:09","date_gmt":"2026-04-30T09:30:09","guid":{"rendered":"http:\/\/zzzconmedia.zierra.de\/?p=106230"},"modified":"2026-04-30T11:30:09","modified_gmt":"2026-04-30T09:30:09","slug":"arbeitslosenzahlen-keine-fruhjahrsbelebung-am-deutschen-arbeitsmarkt","status":"publish","type":"post","link":"https:\/\/conmedia.org\/?p=106230","title":{"rendered":"Arbeitslosenzahlen: Keine Fr\u00fchjahrsbelebung am deutschen Arbeitsmarkt"},"content":{"rendered":"<p>Die Zahl der Arbeitslosen in Deutschland h\u00e4lt sich hartn\u00e4ckig oberhalb der Drei-Millionen-Marke. In den vergangenen Jahren gab es im April meist einen leichten R\u00fcckgang. Der bleibt dieses Jahr aus.<\/p>\n","protected":false},"excerpt":{"rendered":"<p>Die Zahl der Arbeitslosen in Deutschland h\u00e4lt sich hartn\u00e4ckig oberhalb der Drei-Millionen-Marke. In den vergangenen Jahren gab es im April meist einen leichten R\u00fcckgang. Der bleibt dieses Jahr aus.<\/p>\n","protected":false},"author":4,"featured_media":0,"comment_status":"closed","ping_status":"closed","sticky":false,"template":"","format":"standard","meta":{"_acf_changed":false,"footnotes":""},"categories":[1],"tags":[],"class_list":["post-106230","post","type-post","status-publish","format-standard","hentry","category-allgemein"],"acf":[],"_links":{"self":[{"href":"https:\/\/conmedia.org\/index.php?rest_route=\/wp\/v2\/posts\/106230","targetHints":{"allow":["GET"]}}],"collection":[{"href":"https:\/\/conmedia.org\/index.php?rest_route=\/wp\/v2\/posts"}],"about":[{"href":"https:\/\/conmedia.org\/index.php?rest_route=\/wp\/v2\/types\/post"}],"author":[{"embeddable":true,"href":"https:\/\/conmedia.org\/index.php?rest_route=\/wp\/v2\/users\/4"}],"replies":[{"embeddable":true,"href":"https:\/\/conmedia.org\/index.php?rest_route=%2Fwp%2Fv2%2Fcomments&post=106230"}],"version-history":[{"count":0,"href":"https:\/\/conmedia.org\/index.php?rest_route=\/wp\/v2\/posts\/106230\/revisions"}],"wp:attachment":[{"href":"https:\/\/conmedia.org\/index.php?rest_route=%2Fwp%2Fv2%2Fmedia&parent=106230"}],"wp:term":[{"taxonomy":"category","embeddable":true,"href":"https:\/\/conmedia.org\/index.php?rest_route=%2Fwp%2Fv2%2Fcategories&post=106230"},{"taxonomy":"post_tag","embeddable":true,"href":"https:\/\/conmedia.org\/index.php?rest_route=%2Fwp%2Fv2%2Ftags&post=106230"}],"curies":[{"name":"wp","href":"https:\/\/api.w.org\/{rel}","templated":true}]}}