{"id":106237,"date":"2026-04-30T12:45:09","date_gmt":"2026-04-30T10:45:09","guid":{"rendered":"http:\/\/zzzconmedia.zierra.de\/?p=106237"},"modified":"2026-04-30T12:45:09","modified_gmt":"2026-04-30T10:45:09","slug":"ard-vorsitz-wechselt-2027-vom-hessischen-rundfunk-zu-radio-bremen-yvette-gerner-folgt-auf-florian-hager-als-ard-vorsitzende","status":"publish","type":"post","link":"https:\/\/conmedia.org\/?p=106237","title":{"rendered":"ARD-Vorsitz wechselt 2027 vom Hessischen Rundfunk zu Radio Bremen &#8211; Yvette Gerner folgt auf Florian Hager als ARD-Vorsitzende"},"content":{"rendered":"<p><b>ARD Presse<\/b> [<a href=\"https:\/\/www.presseportal.de\/pm\/29876\/6266133\">Newsroom<\/a>]<\/p>\n<div><a href=\"https:\/\/www.presseportal.de\/nr\/29876\"><img decoding=\"async\" src=\"https:\/\/cache.pressmailing.net\/thumbnail\/story_small\/e74721cc-9e80-40ce-83f3-b439d6e5cdf1\/16zu9_B1A6498.jpg\" width=\"110\" border=\"0\"><\/a><\/div>\n<p>Bonn. (ots) &#8211; Der ARD-Vorsitz wechselt im kommenden Jahr vom Hessischen Rundfunk zu Radio Bremen. Das haben die Mitglieder der ARD am Mittwoch (29.4.2026) in Bonn beschlossen. Damit \u00fcbernimmt Radio Bremen diese besondere Aufgabe turnusm\u00e4\u00dfig nach &#8230; <a href=\"https:\/\/www.presseportal.de\/pm\/29876\/6266133\">Lesen Sie hier weiter&#8230;<\/a><\/p>\n<p><small>Original-Content von: ARD Presse, \u00fcbermittelt durch news aktuell<\/small><\/p>\n","protected":false},"excerpt":{"rendered":"<p>ARD Presse [Newsroom] Bonn. (ots) &#8211; Der ARD-Vorsitz wechselt im kommenden Jahr vom Hessischen Rundfunk zu Radio Bremen. Das haben die Mitglieder der ARD am Mittwoch (29.4.2026) in Bonn beschlossen. Damit \u00fcbernimmt Radio Bremen diese besondere Aufgabe turnusm\u00e4\u00dfig nach &#8230; Lesen Sie hier weiter&#8230; Original-Content von: ARD Presse, \u00fcbermittelt durch news aktuell<\/p>\n","protected":false},"author":4,"featured_media":0,"comment_status":"closed","ping_status":"closed","sticky":false,"template":"","format":"standard","meta":{"_acf_changed":false,"footnotes":""},"categories":[1],"tags":[],"class_list":["post-106237","post","type-post","status-publish","format-standard","hentry","category-allgemein"],"acf":[],"_links":{"self":[{"href":"https:\/\/conmedia.org\/index.php?rest_route=\/wp\/v2\/posts\/106237","targetHints":{"allow":["GET"]}}],"collection":[{"href":"https:\/\/conmedia.org\/index.php?rest_route=\/wp\/v2\/posts"}],"about":[{"href":"https:\/\/conmedia.org\/index.php?rest_route=\/wp\/v2\/types\/post"}],"author":[{"embeddable":true,"href":"https:\/\/conmedia.org\/index.php?rest_route=\/wp\/v2\/users\/4"}],"replies":[{"embeddable":true,"href":"https:\/\/conmedia.org\/index.php?rest_route=%2Fwp%2Fv2%2Fcomments&post=106237"}],"version-history":[{"count":0,"href":"https:\/\/conmedia.org\/index.php?rest_route=\/wp\/v2\/posts\/106237\/revisions"}],"wp:attachment":[{"href":"https:\/\/conmedia.org\/index.php?rest_route=%2Fwp%2Fv2%2Fmedia&parent=106237"}],"wp:term":[{"taxonomy":"category","embeddable":true,"href":"https:\/\/conmedia.org\/index.php?rest_route=%2Fwp%2Fv2%2Fcategories&post=106237"},{"taxonomy":"post_tag","embeddable":true,"href":"https:\/\/conmedia.org\/index.php?rest_route=%2Fwp%2Fv2%2Ftags&post=106237"}],"curies":[{"name":"wp","href":"https:\/\/api.w.org\/{rel}","templated":true}]}}