{"id":106279,"date":"2026-05-01T17:30:12","date_gmt":"2026-05-01T15:30:12","guid":{"rendered":"http:\/\/zzzconmedia.zierra.de\/?p=106279"},"modified":"2026-05-01T17:30:12","modified_gmt":"2026-05-01T15:30:12","slug":"zdf-magazin-royale-exklusive-recherche-zu-verbindungen-von-bundesbehorden-mit-taliban-vertreter","status":"publish","type":"post","link":"https:\/\/conmedia.org\/?p=106279","title":{"rendered":"&#8222;ZDF Magazin Royale&#8220;: Exklusive Recherche zu Verbindungen von Bundesbeh\u00f6rden mit Taliban-Vertreter"},"content":{"rendered":"<p><b>ZDF<\/b> [<a href=\"https:\/\/www.presseportal.de\/pm\/7840\/6266777\">Newsroom<\/a>]<\/p>\n<div><a href=\"https:\/\/www.presseportal.de\/nr\/7840\"><img decoding=\"async\" src=\"https:\/\/cache.pressmailing.net\/thumbnail\/story_small\/863fba30-07be-418b-9ad3-cc8494b3e96f\/ZDF_Magazin_Royale_Z~028_82202-0-2.O.jpg\" width=\"110\" border=\"0\"><\/a><\/div>\n<p>Mainz (ots) &#8211; Das &#8222;ZDF Magazin Royale&#8220; berichtet in der Ausgabe vom Freitag, 1. Mai 2026: Im Zusammenhang mit Abschiebungen nach Afghanistan empfangen deutsche Beh\u00f6rden regelm\u00e4\u00dfig einen Vertreter der islamistischen Taliban in der Au\u00dfenstelle des &#8230; <a href=\"https:\/\/www.presseportal.de\/pm\/7840\/6266777\">Lesen Sie hier weiter&#8230;<\/a><\/p>\n<p><small>Original-Content von: ZDF, \u00fcbermittelt durch news aktuell<\/small><\/p>\n","protected":false},"excerpt":{"rendered":"<p>ZDF [Newsroom] Mainz (ots) &#8211; Das &#8222;ZDF Magazin Royale&#8220; berichtet in der Ausgabe vom Freitag, 1. Mai 2026: Im Zusammenhang mit Abschiebungen nach Afghanistan empfangen deutsche Beh\u00f6rden regelm\u00e4\u00dfig einen Vertreter der islamistischen Taliban in der Au\u00dfenstelle des &#8230; Lesen Sie hier weiter&#8230; Original-Content von: ZDF, \u00fcbermittelt durch news aktuell<\/p>\n","protected":false},"author":4,"featured_media":0,"comment_status":"closed","ping_status":"closed","sticky":false,"template":"","format":"standard","meta":{"_acf_changed":false,"footnotes":""},"categories":[1],"tags":[],"class_list":["post-106279","post","type-post","status-publish","format-standard","hentry","category-allgemein"],"acf":[],"_links":{"self":[{"href":"https:\/\/conmedia.org\/index.php?rest_route=\/wp\/v2\/posts\/106279","targetHints":{"allow":["GET"]}}],"collection":[{"href":"https:\/\/conmedia.org\/index.php?rest_route=\/wp\/v2\/posts"}],"about":[{"href":"https:\/\/conmedia.org\/index.php?rest_route=\/wp\/v2\/types\/post"}],"author":[{"embeddable":true,"href":"https:\/\/conmedia.org\/index.php?rest_route=\/wp\/v2\/users\/4"}],"replies":[{"embeddable":true,"href":"https:\/\/conmedia.org\/index.php?rest_route=%2Fwp%2Fv2%2Fcomments&post=106279"}],"version-history":[{"count":0,"href":"https:\/\/conmedia.org\/index.php?rest_route=\/wp\/v2\/posts\/106279\/revisions"}],"wp:attachment":[{"href":"https:\/\/conmedia.org\/index.php?rest_route=%2Fwp%2Fv2%2Fmedia&parent=106279"}],"wp:term":[{"taxonomy":"category","embeddable":true,"href":"https:\/\/conmedia.org\/index.php?rest_route=%2Fwp%2Fv2%2Fcategories&post=106279"},{"taxonomy":"post_tag","embeddable":true,"href":"https:\/\/conmedia.org\/index.php?rest_route=%2Fwp%2Fv2%2Ftags&post=106279"}],"curies":[{"name":"wp","href":"https:\/\/api.w.org\/{rel}","templated":true}]}}