{"id":106283,"date":"2026-05-02T02:15:14","date_gmt":"2026-05-02T00:15:14","guid":{"rendered":"http:\/\/zzzconmedia.zierra.de\/?p=106283"},"modified":"2026-05-02T02:15:14","modified_gmt":"2026-05-02T00:15:14","slug":"thorsten-frei-diese-koalition-muss-und-wird-durchhalten-kanzleramtschef-zieht-nach-einem-jahr-schwarz-rot-bilanz","status":"publish","type":"post","link":"https:\/\/conmedia.org\/?p=106283","title":{"rendered":"Thorsten Frei: &#8222;Diese Koalition muss und wird durchhalten&#8220; \/ Kanzleramtschef zieht nach einem Jahr Schwarz-Rot Bilanz"},"content":{"rendered":"<p><b>Neue Osnabr\u00fccker Zeitung<\/b> [<a href=\"https:\/\/www.presseportal.de\/pm\/58964\/6266848\">Newsroom<\/a>]<br \/>Osnabr\u00fcck (ots) &#8211; Kanzleramtschef Thorsten Frei (CDU) zeigt sich zum ersten Jahrestag der schwarz-roten Bundesregierung optimistisch, dass Union und SPD gemeinsam bis zum Ende der Legislaturperiode regieren. Der &#8222;Neuen Osnabr\u00fccker Zeitung&#8220; (noz) &#8230; <a href=\"https:\/\/www.presseportal.de\/pm\/58964\/6266848\">Lesen Sie hier weiter&#8230;<\/a><\/p>\n<p><small>Original-Content von: Neue Osnabr\u00fccker Zeitung, \u00fcbermittelt durch news aktuell<\/small><\/p>\n","protected":false},"excerpt":{"rendered":"<p>Neue Osnabr\u00fccker Zeitung [Newsroom]Osnabr\u00fcck (ots) &#8211; Kanzleramtschef Thorsten Frei (CDU) zeigt sich zum ersten Jahrestag der schwarz-roten Bundesregierung optimistisch, dass Union und SPD gemeinsam bis zum Ende der Legislaturperiode regieren. Der &#8222;Neuen Osnabr\u00fccker Zeitung&#8220; (noz) &#8230; Lesen Sie hier weiter&#8230; Original-Content von: Neue Osnabr\u00fccker Zeitung, \u00fcbermittelt durch news aktuell<\/p>\n","protected":false},"author":4,"featured_media":0,"comment_status":"closed","ping_status":"closed","sticky":false,"template":"","format":"standard","meta":{"_acf_changed":false,"footnotes":""},"categories":[1],"tags":[],"class_list":["post-106283","post","type-post","status-publish","format-standard","hentry","category-allgemein"],"acf":[],"_links":{"self":[{"href":"https:\/\/conmedia.org\/index.php?rest_route=\/wp\/v2\/posts\/106283","targetHints":{"allow":["GET"]}}],"collection":[{"href":"https:\/\/conmedia.org\/index.php?rest_route=\/wp\/v2\/posts"}],"about":[{"href":"https:\/\/conmedia.org\/index.php?rest_route=\/wp\/v2\/types\/post"}],"author":[{"embeddable":true,"href":"https:\/\/conmedia.org\/index.php?rest_route=\/wp\/v2\/users\/4"}],"replies":[{"embeddable":true,"href":"https:\/\/conmedia.org\/index.php?rest_route=%2Fwp%2Fv2%2Fcomments&post=106283"}],"version-history":[{"count":0,"href":"https:\/\/conmedia.org\/index.php?rest_route=\/wp\/v2\/posts\/106283\/revisions"}],"wp:attachment":[{"href":"https:\/\/conmedia.org\/index.php?rest_route=%2Fwp%2Fv2%2Fmedia&parent=106283"}],"wp:term":[{"taxonomy":"category","embeddable":true,"href":"https:\/\/conmedia.org\/index.php?rest_route=%2Fwp%2Fv2%2Fcategories&post=106283"},{"taxonomy":"post_tag","embeddable":true,"href":"https:\/\/conmedia.org\/index.php?rest_route=%2Fwp%2Fv2%2Ftags&post=106283"}],"curies":[{"name":"wp","href":"https:\/\/api.w.org\/{rel}","templated":true}]}}