{"id":111709,"date":"2026-08-31T19:00:10","date_gmt":"2026-08-31T17:00:10","guid":{"rendered":"http:\/\/zzzconmedia.zierra.de\/?p=111709"},"modified":"2026-08-31T19:00:10","modified_gmt":"2026-08-31T17:00:10","slug":"kanzler-merz-zur-migration-wir-haben-uns-die-kontrolle-zuruckgeholt","status":"publish","type":"post","link":"https:\/\/conmedia.org\/?p=111709","title":{"rendered":"Kanzler Merz zur Migration: &#8222;Wir haben uns die Kontrolle zur\u00fcckgeholt&#8220;"},"content":{"rendered":"<p><b>Mitteldeutsche Zeitung<\/b> [<a href=\"https:\/\/www.presseportal.de\/pm\/47409\/6343138\">Newsroom<\/a>]<br \/>Halle (ots) &#8211; Knapp anderthalb Jahre nach Antritt seiner Regierung zieht Bundeskanzler Friedrich Merz (CDU) eine positive Zwischenbilanz der Versch\u00e4rfungen in der Migrationspolitik.&#8220;Wir haben uns die Kontrolle zur\u00fcckgeholt. Es gelten Ordnung und &#8230; <a href=\"https:\/\/www.presseportal.de\/pm\/47409\/6343138\">Lesen Sie hier weiter&#8230;<\/a><\/p>\n<p><small>Original-Content von: Mitteldeutsche Zeitung, \u00fcbermittelt durch news aktuell<\/small><\/p>\n","protected":false},"excerpt":{"rendered":"<p>Mitteldeutsche Zeitung [Newsroom]Halle (ots) &#8211; Knapp anderthalb Jahre nach Antritt seiner Regierung zieht Bundeskanzler Friedrich Merz (CDU) eine positive Zwischenbilanz der Versch\u00e4rfungen in der Migrationspolitik.&#8220;Wir haben uns die Kontrolle zur\u00fcckgeholt. Es gelten Ordnung und &#8230; Lesen Sie hier weiter&#8230; Original-Content von: Mitteldeutsche Zeitung, \u00fcbermittelt durch news aktuell<\/p>\n","protected":false},"author":4,"featured_media":0,"comment_status":"closed","ping_status":"closed","sticky":false,"template":"","format":"standard","meta":{"_acf_changed":false,"footnotes":""},"categories":[1],"tags":[],"class_list":["post-111709","post","type-post","status-publish","format-standard","hentry","category-allgemein"],"acf":[],"_links":{"self":[{"href":"https:\/\/conmedia.org\/index.php?rest_route=\/wp\/v2\/posts\/111709","targetHints":{"allow":["GET"]}}],"collection":[{"href":"https:\/\/conmedia.org\/index.php?rest_route=\/wp\/v2\/posts"}],"about":[{"href":"https:\/\/conmedia.org\/index.php?rest_route=\/wp\/v2\/types\/post"}],"author":[{"embeddable":true,"href":"https:\/\/conmedia.org\/index.php?rest_route=\/wp\/v2\/users\/4"}],"replies":[{"embeddable":true,"href":"https:\/\/conmedia.org\/index.php?rest_route=%2Fwp%2Fv2%2Fcomments&post=111709"}],"version-history":[{"count":0,"href":"https:\/\/conmedia.org\/index.php?rest_route=\/wp\/v2\/posts\/111709\/revisions"}],"wp:attachment":[{"href":"https:\/\/conmedia.org\/index.php?rest_route=%2Fwp%2Fv2%2Fmedia&parent=111709"}],"wp:term":[{"taxonomy":"category","embeddable":true,"href":"https:\/\/conmedia.org\/index.php?rest_route=%2Fwp%2Fv2%2Fcategories&post=111709"},{"taxonomy":"post_tag","embeddable":true,"href":"https:\/\/conmedia.org\/index.php?rest_route=%2Fwp%2Fv2%2Ftags&post=111709"}],"curies":[{"name":"wp","href":"https:\/\/api.w.org\/{rel}","templated":true}]}}