{"id":111731,"date":"2026-09-01T09:45:10","date_gmt":"2026-09-01T07:45:10","guid":{"rendered":"http:\/\/zzzconmedia.zierra.de\/?p=111731"},"modified":"2026-09-01T09:45:10","modified_gmt":"2026-09-01T07:45:10","slug":"seit-50-jahren-im-zdf-biene-maja-feiert-jubilaum","status":"publish","type":"post","link":"https:\/\/conmedia.org\/?p=111731","title":{"rendered":"Seit 50 Jahren im ZDF: Biene Maja feiert Jubil\u00e4um"},"content":{"rendered":"<p><b>ZDF<\/b> [<a href=\"https:\/\/www.presseportal.de\/pm\/7840\/6343273\">Newsroom<\/a>]<\/p>\n<div><a href=\"https:\/\/www.presseportal.de\/nr\/7840\"><img decoding=\"async\" src=\"https:\/\/cache.pressmailing.net\/thumbnail\/story_small\/909a63d4-9b40-49ac-aa47-be145d8fa22d\/Die_Biene_Maja_ZDF_S~ation_97802-0-1.jpg\" width=\"110\" border=\"0\"><\/a><\/div>\n<p>Mainz (ots) &#8211; Am 9. September 1976 war &#8222;Die Biene Maja&#8220; das erste Mal im deutschen Fernsehen zu sehen \u2013 und begeistert seither immer neue Generationen. Zum 50. Jubil\u00e4um feiern ZDF und KiKA den beliebten Klassiker mit einem vielf\u00e4ltigen TV- und &#8230; <a href=\"https:\/\/www.presseportal.de\/pm\/7840\/6343273\">Lesen Sie hier weiter&#8230;<\/a><\/p>\n<p><small>Original-Content von: ZDF, \u00fcbermittelt durch news aktuell<\/small><\/p>\n","protected":false},"excerpt":{"rendered":"<p>ZDF [Newsroom] Mainz (ots) &#8211; Am 9. September 1976 war &#8222;Die Biene Maja&#8220; das erste Mal im deutschen Fernsehen zu sehen \u2013 und begeistert seither immer neue Generationen. Zum 50. Jubil\u00e4um feiern ZDF und KiKA den beliebten Klassiker mit einem vielf\u00e4ltigen TV- und &#8230; Lesen Sie hier weiter&#8230; Original-Content von: ZDF, \u00fcbermittelt durch news aktuell<\/p>\n","protected":false},"author":4,"featured_media":0,"comment_status":"closed","ping_status":"closed","sticky":false,"template":"","format":"standard","meta":{"_acf_changed":false,"footnotes":""},"categories":[1],"tags":[],"class_list":["post-111731","post","type-post","status-publish","format-standard","hentry","category-allgemein"],"acf":[],"_links":{"self":[{"href":"https:\/\/conmedia.org\/index.php?rest_route=\/wp\/v2\/posts\/111731","targetHints":{"allow":["GET"]}}],"collection":[{"href":"https:\/\/conmedia.org\/index.php?rest_route=\/wp\/v2\/posts"}],"about":[{"href":"https:\/\/conmedia.org\/index.php?rest_route=\/wp\/v2\/types\/post"}],"author":[{"embeddable":true,"href":"https:\/\/conmedia.org\/index.php?rest_route=\/wp\/v2\/users\/4"}],"replies":[{"embeddable":true,"href":"https:\/\/conmedia.org\/index.php?rest_route=%2Fwp%2Fv2%2Fcomments&post=111731"}],"version-history":[{"count":0,"href":"https:\/\/conmedia.org\/index.php?rest_route=\/wp\/v2\/posts\/111731\/revisions"}],"wp:attachment":[{"href":"https:\/\/conmedia.org\/index.php?rest_route=%2Fwp%2Fv2%2Fmedia&parent=111731"}],"wp:term":[{"taxonomy":"category","embeddable":true,"href":"https:\/\/conmedia.org\/index.php?rest_route=%2Fwp%2Fv2%2Fcategories&post=111731"},{"taxonomy":"post_tag","embeddable":true,"href":"https:\/\/conmedia.org\/index.php?rest_route=%2Fwp%2Fv2%2Ftags&post=111731"}],"curies":[{"name":"wp","href":"https:\/\/api.w.org\/{rel}","templated":true}]}}