{"id":111768,"date":"2026-09-01T16:45:10","date_gmt":"2026-09-01T14:45:10","guid":{"rendered":"http:\/\/zzzconmedia.zierra.de\/?p=111768"},"modified":"2026-09-01T16:45:10","modified_gmt":"2026-09-01T14:45:10","slug":"martin-sichert-fur-die-pflegeversicherung-ist-es-funf-vor-zwolf","status":"publish","type":"post","link":"https:\/\/conmedia.org\/?p=111768","title":{"rendered":"Martin Sichert: F\u00fcr die Pflegeversicherung ist es f\u00fcnf vor zw\u00f6lf"},"content":{"rendered":"<p><b>AfD-Fraktion im Deutschen Bundestag<\/b> [<a href=\"https:\/\/www.presseportal.de\/pm\/130241\/6343896\">Newsroom<\/a>]<br \/>Berlin (ots) &#8211; Der GKV-Spitzenverband warnt, dass die Einnahmen der Pflegeversicherung nur noch wenige Wochen ausreichen. Ab Oktober, so der Verband, fehlt Geld, um alle Leistungen vollst\u00e4ndig zu finanzieren. Allein f\u00fcr das laufende Jahr wird mit &#8230; <a href=\"https:\/\/www.presseportal.de\/pm\/130241\/6343896\">Lesen Sie hier weiter&#8230;<\/a><\/p>\n<p><small>Original-Content von: AfD-Fraktion im Deutschen Bundestag, \u00fcbermittelt durch news aktuell<\/small><\/p>\n","protected":false},"excerpt":{"rendered":"<p>AfD-Fraktion im Deutschen Bundestag [Newsroom]Berlin (ots) &#8211; Der GKV-Spitzenverband warnt, dass die Einnahmen der Pflegeversicherung nur noch wenige Wochen ausreichen. Ab Oktober, so der Verband, fehlt Geld, um alle Leistungen vollst\u00e4ndig zu finanzieren. Allein f\u00fcr das laufende Jahr wird mit &#8230; Lesen Sie hier weiter&#8230; Original-Content von: AfD-Fraktion im Deutschen Bundestag, \u00fcbermittelt durch news aktuell<\/p>\n","protected":false},"author":4,"featured_media":0,"comment_status":"closed","ping_status":"closed","sticky":false,"template":"","format":"standard","meta":{"_acf_changed":false,"footnotes":""},"categories":[1],"tags":[],"class_list":["post-111768","post","type-post","status-publish","format-standard","hentry","category-allgemein"],"acf":[],"_links":{"self":[{"href":"https:\/\/conmedia.org\/index.php?rest_route=\/wp\/v2\/posts\/111768","targetHints":{"allow":["GET"]}}],"collection":[{"href":"https:\/\/conmedia.org\/index.php?rest_route=\/wp\/v2\/posts"}],"about":[{"href":"https:\/\/conmedia.org\/index.php?rest_route=\/wp\/v2\/types\/post"}],"author":[{"embeddable":true,"href":"https:\/\/conmedia.org\/index.php?rest_route=\/wp\/v2\/users\/4"}],"replies":[{"embeddable":true,"href":"https:\/\/conmedia.org\/index.php?rest_route=%2Fwp%2Fv2%2Fcomments&post=111768"}],"version-history":[{"count":0,"href":"https:\/\/conmedia.org\/index.php?rest_route=\/wp\/v2\/posts\/111768\/revisions"}],"wp:attachment":[{"href":"https:\/\/conmedia.org\/index.php?rest_route=%2Fwp%2Fv2%2Fmedia&parent=111768"}],"wp:term":[{"taxonomy":"category","embeddable":true,"href":"https:\/\/conmedia.org\/index.php?rest_route=%2Fwp%2Fv2%2Fcategories&post=111768"},{"taxonomy":"post_tag","embeddable":true,"href":"https:\/\/conmedia.org\/index.php?rest_route=%2Fwp%2Fv2%2Ftags&post=111768"}],"curies":[{"name":"wp","href":"https:\/\/api.w.org\/{rel}","templated":true}]}}