{"id":111844,"date":"2026-09-02T21:30:09","date_gmt":"2026-09-02T19:30:09","guid":{"rendered":"http:\/\/zzzconmedia.zierra.de\/?p=111844"},"modified":"2026-09-02T21:30:09","modified_gmt":"2026-09-02T19:30:09","slug":"haier-prasentiert-ki-gestutztes-wohnen-auf-der-ifa-2026-und-unterstreicht-damit-seine-globale-markenfuhrerschaft-und-lokale-innovationskraft","status":"publish","type":"post","link":"https:\/\/conmedia.org\/?p=111844","title":{"rendered":"Haier pr\u00e4sentiert KI-gest\u00fctztes Wohnen auf der IFA 2026 und unterstreicht damit seine globale Markenf\u00fchrerschaft und lokale Innovationskraft"},"content":{"rendered":"<p><b>Haier Group<\/b> [<a href=\"https:\/\/www.presseportal.de\/pm\/72288\/6344653\">Newsroom<\/a>]<\/p>\n<div><a href=\"https:\/\/www.presseportal.de\/nr\/72288\"><img decoding=\"async\" src=\"https:\/\/cache.pressmailing.net\/thumbnail\/story_small\/dd6a4856-6156-4c6f-bdae-255e5b972533\/20260901084839EDT_image_1.jpg\" width=\"110\" border=\"0\"><\/a><\/div>\n<p>Berlin (ots) &#8211; Haier, seit 17 Jahren in Folge* die weltweit f\u00fchrende Marke f\u00fcr Haushaltsgro\u00dfger\u00e4te, wird vom 4. bis 8. September auf der IFA 2026 am Stand 101 in Halle 3.1 ausstellen. Unter dem Motto \u201eHome of Intelligent Possibilities&#8220; wird &#8230; <a href=\"https:\/\/www.presseportal.de\/pm\/72288\/6344653\">Lesen Sie hier weiter&#8230;<\/a><\/p>\n<p><small>Original-Content von: Haier Group, \u00fcbermittelt durch news aktuell<\/small><\/p>\n","protected":false},"excerpt":{"rendered":"<p>Haier Group [Newsroom] Berlin (ots) &#8211; Haier, seit 17 Jahren in Folge* die weltweit f\u00fchrende Marke f\u00fcr Haushaltsgro\u00dfger\u00e4te, wird vom 4. bis 8. September auf der IFA 2026 am Stand 101 in Halle 3.1 ausstellen. Unter dem Motto \u201eHome of Intelligent Possibilities&#8220; wird &#8230; Lesen Sie hier weiter&#8230; Original-Content von: Haier Group, \u00fcbermittelt durch news [&hellip;]<\/p>\n","protected":false},"author":4,"featured_media":0,"comment_status":"closed","ping_status":"closed","sticky":false,"template":"","format":"standard","meta":{"_acf_changed":false,"footnotes":""},"categories":[1],"tags":[],"class_list":["post-111844","post","type-post","status-publish","format-standard","hentry","category-allgemein"],"acf":[],"_links":{"self":[{"href":"https:\/\/conmedia.org\/index.php?rest_route=\/wp\/v2\/posts\/111844","targetHints":{"allow":["GET"]}}],"collection":[{"href":"https:\/\/conmedia.org\/index.php?rest_route=\/wp\/v2\/posts"}],"about":[{"href":"https:\/\/conmedia.org\/index.php?rest_route=\/wp\/v2\/types\/post"}],"author":[{"embeddable":true,"href":"https:\/\/conmedia.org\/index.php?rest_route=\/wp\/v2\/users\/4"}],"replies":[{"embeddable":true,"href":"https:\/\/conmedia.org\/index.php?rest_route=%2Fwp%2Fv2%2Fcomments&post=111844"}],"version-history":[{"count":0,"href":"https:\/\/conmedia.org\/index.php?rest_route=\/wp\/v2\/posts\/111844\/revisions"}],"wp:attachment":[{"href":"https:\/\/conmedia.org\/index.php?rest_route=%2Fwp%2Fv2%2Fmedia&parent=111844"}],"wp:term":[{"taxonomy":"category","embeddable":true,"href":"https:\/\/conmedia.org\/index.php?rest_route=%2Fwp%2Fv2%2Fcategories&post=111844"},{"taxonomy":"post_tag","embeddable":true,"href":"https:\/\/conmedia.org\/index.php?rest_route=%2Fwp%2Fv2%2Ftags&post=111844"}],"curies":[{"name":"wp","href":"https:\/\/api.w.org\/{rel}","templated":true}]}}