{"id":111893,"date":"2026-09-03T19:45:14","date_gmt":"2026-09-03T17:45:14","guid":{"rendered":"http:\/\/zzzconmedia.zierra.de\/?p=111893"},"modified":"2026-09-03T19:45:14","modified_gmt":"2026-09-03T17:45:14","slug":"nrw-ministerprasident-wust-angriff-auf-kritische-infrastruktur-ist-angriff-auf-uns-alle","status":"publish","type":"post","link":"https:\/\/conmedia.org\/?p=111893","title":{"rendered":"NRW-Ministerpr\u00e4sident W\u00fcst: Angriff auf kritische Infrastruktur ist Angriff auf uns alle"},"content":{"rendered":"<p><b>WDR Newsroom<\/b> [<a href=\"https:\/\/www.presseportal.de\/pm\/179961\/6345340\">Newsroom<\/a>]<br \/>K\u00f6ln (ots) &#8211; NRW-Ministerpr\u00e4sident W\u00fcst hat sich zum Anschlag auf das Umspannwerk in Bergheim bei K\u00f6ln ge\u00e4u\u00dfert. Auf WDR-Nachfrage sagte W\u00fcst: &#8222;Angriffe auf unsere kritische Infrastruktur sind Angriffe auf das Leben von uns allen, weil &#8230; <a href=\"https:\/\/www.presseportal.de\/pm\/179961\/6345340\">Lesen Sie hier weiter&#8230;<\/a><\/p>\n<p><small>Original-Content von: WDR Newsroom, \u00fcbermittelt durch news aktuell<\/small><\/p>\n","protected":false},"excerpt":{"rendered":"<p>WDR Newsroom [Newsroom]K\u00f6ln (ots) &#8211; NRW-Ministerpr\u00e4sident W\u00fcst hat sich zum Anschlag auf das Umspannwerk in Bergheim bei K\u00f6ln ge\u00e4u\u00dfert. Auf WDR-Nachfrage sagte W\u00fcst: &#8222;Angriffe auf unsere kritische Infrastruktur sind Angriffe auf das Leben von uns allen, weil &#8230; Lesen Sie hier weiter&#8230; Original-Content von: WDR Newsroom, \u00fcbermittelt durch news aktuell<\/p>\n","protected":false},"author":4,"featured_media":0,"comment_status":"closed","ping_status":"closed","sticky":false,"template":"","format":"standard","meta":{"_acf_changed":false,"footnotes":""},"categories":[1],"tags":[],"class_list":["post-111893","post","type-post","status-publish","format-standard","hentry","category-allgemein"],"acf":[],"_links":{"self":[{"href":"https:\/\/conmedia.org\/index.php?rest_route=\/wp\/v2\/posts\/111893","targetHints":{"allow":["GET"]}}],"collection":[{"href":"https:\/\/conmedia.org\/index.php?rest_route=\/wp\/v2\/posts"}],"about":[{"href":"https:\/\/conmedia.org\/index.php?rest_route=\/wp\/v2\/types\/post"}],"author":[{"embeddable":true,"href":"https:\/\/conmedia.org\/index.php?rest_route=\/wp\/v2\/users\/4"}],"replies":[{"embeddable":true,"href":"https:\/\/conmedia.org\/index.php?rest_route=%2Fwp%2Fv2%2Fcomments&post=111893"}],"version-history":[{"count":0,"href":"https:\/\/conmedia.org\/index.php?rest_route=\/wp\/v2\/posts\/111893\/revisions"}],"wp:attachment":[{"href":"https:\/\/conmedia.org\/index.php?rest_route=%2Fwp%2Fv2%2Fmedia&parent=111893"}],"wp:term":[{"taxonomy":"category","embeddable":true,"href":"https:\/\/conmedia.org\/index.php?rest_route=%2Fwp%2Fv2%2Fcategories&post=111893"},{"taxonomy":"post_tag","embeddable":true,"href":"https:\/\/conmedia.org\/index.php?rest_route=%2Fwp%2Fv2%2Ftags&post=111893"}],"curies":[{"name":"wp","href":"https:\/\/api.w.org\/{rel}","templated":true}]}}