{"id":111896,"date":"2026-09-04T02:00:16","date_gmt":"2026-09-04T00:00:16","guid":{"rendered":"http:\/\/zzzconmedia.zierra.de\/?p=111896"},"modified":"2026-09-04T02:00:16","modified_gmt":"2026-09-04T00:00:16","slug":"autoexperte-stefan-bratzel-einsparungen-allein-werden-volkswagen-nicht-retten-chef-des-center-of-automotive-management-schliesung-von-vier-deutschen-standorten-nicht-notwendig","status":"publish","type":"post","link":"https:\/\/conmedia.org\/?p=111896","title":{"rendered":"Autoexperte Stefan Bratzel: &#8222;Einsparungen allein werden Volkswagen nicht retten&#8220; \/ Chef des Center of Automotive Management: Schlie\u00dfung von vier deutschen Standorten nicht notwendig"},"content":{"rendered":"<p><b>Neue Osnabr\u00fccker Zeitung<\/b> [<a href=\"https:\/\/www.presseportal.de\/pm\/58964\/6345370\">Newsroom<\/a>]<br \/>Osnabr\u00fcck (ots) &#8211; Osnabr\u00fcck. Die Sparma\u00dfnahmen bei Volkswagen reichen nach Einsch\u00e4tzung des Automobilexperten Stefan Bratzel nicht aus, um aus der Krise zu kommen. &#8222;Einsparungen allein werden Volkswagen nicht retten&#8220;, sagte der Leiter des Center &#8230; <a href=\"https:\/\/www.presseportal.de\/pm\/58964\/6345370\">Lesen Sie hier weiter&#8230;<\/a><\/p>\n<p><small>Original-Content von: Neue Osnabr\u00fccker Zeitung, \u00fcbermittelt durch news aktuell<\/small><\/p>\n","protected":false},"excerpt":{"rendered":"<p>Neue Osnabr\u00fccker Zeitung [Newsroom]Osnabr\u00fcck (ots) &#8211; Osnabr\u00fcck. Die Sparma\u00dfnahmen bei Volkswagen reichen nach Einsch\u00e4tzung des Automobilexperten Stefan Bratzel nicht aus, um aus der Krise zu kommen. &#8222;Einsparungen allein werden Volkswagen nicht retten&#8220;, sagte der Leiter des Center &#8230; Lesen Sie hier weiter&#8230; Original-Content von: Neue Osnabr\u00fccker Zeitung, \u00fcbermittelt durch news aktuell<\/p>\n","protected":false},"author":4,"featured_media":0,"comment_status":"closed","ping_status":"closed","sticky":false,"template":"","format":"standard","meta":{"_acf_changed":false,"footnotes":""},"categories":[1],"tags":[],"class_list":["post-111896","post","type-post","status-publish","format-standard","hentry","category-allgemein"],"acf":[],"_links":{"self":[{"href":"https:\/\/conmedia.org\/index.php?rest_route=\/wp\/v2\/posts\/111896","targetHints":{"allow":["GET"]}}],"collection":[{"href":"https:\/\/conmedia.org\/index.php?rest_route=\/wp\/v2\/posts"}],"about":[{"href":"https:\/\/conmedia.org\/index.php?rest_route=\/wp\/v2\/types\/post"}],"author":[{"embeddable":true,"href":"https:\/\/conmedia.org\/index.php?rest_route=\/wp\/v2\/users\/4"}],"replies":[{"embeddable":true,"href":"https:\/\/conmedia.org\/index.php?rest_route=%2Fwp%2Fv2%2Fcomments&post=111896"}],"version-history":[{"count":0,"href":"https:\/\/conmedia.org\/index.php?rest_route=\/wp\/v2\/posts\/111896\/revisions"}],"wp:attachment":[{"href":"https:\/\/conmedia.org\/index.php?rest_route=%2Fwp%2Fv2%2Fmedia&parent=111896"}],"wp:term":[{"taxonomy":"category","embeddable":true,"href":"https:\/\/conmedia.org\/index.php?rest_route=%2Fwp%2Fv2%2Fcategories&post=111896"},{"taxonomy":"post_tag","embeddable":true,"href":"https:\/\/conmedia.org\/index.php?rest_route=%2Fwp%2Fv2%2Ftags&post=111896"}],"curies":[{"name":"wp","href":"https:\/\/api.w.org\/{rel}","templated":true}]}}