{"id":111897,"date":"2026-09-04T02:00:17","date_gmt":"2026-09-04T00:00:17","guid":{"rendered":"http:\/\/zzzconmedia.zierra.de\/?p=111897"},"modified":"2026-09-04T02:00:17","modified_gmt":"2026-09-04T00:00:17","slug":"grunen-chef-ruft-vw-spitze-zum-verzicht-auf-boni-auf-felix-banaszak-fordert-vor-aufsichtsratssitzung-in-wolfsburg-kahlschlag-auf-eis-legen","status":"publish","type":"post","link":"https:\/\/conmedia.org\/?p=111897","title":{"rendered":"Gr\u00fcnen-Chef ruft VW-Spitze zum Verzicht auf Boni auf Felix Banaszak fordert vor Aufsichtsratssitzung in Wolfsburg: &#8222;Kahlschlag auf Eis legen&#8220;"},"content":{"rendered":"<p><b>Neue Osnabr\u00fccker Zeitung<\/b> [<a href=\"https:\/\/www.presseportal.de\/pm\/58964\/6345369\">Newsroom<\/a>]<br \/>Osnabr\u00fcck (ots) &#8211; Osnabr\u00fcck. Vor der entscheidenden Aufsichtsratssitzung bei VW in Wolfsburg an diesem Freitag appelliert Gr\u00fcnen-Co-Parteichef Felix Banaszak an die Konzernspitze, sowohl Werke als auch Arbeitspl\u00e4tze in Deutschland zu sichern. &#8230; <a href=\"https:\/\/www.presseportal.de\/pm\/58964\/6345369\">Lesen Sie hier weiter&#8230;<\/a><\/p>\n<p><small>Original-Content von: Neue Osnabr\u00fccker Zeitung, \u00fcbermittelt durch news aktuell<\/small><\/p>\n","protected":false},"excerpt":{"rendered":"<p>Neue Osnabr\u00fccker Zeitung [Newsroom]Osnabr\u00fcck (ots) &#8211; Osnabr\u00fcck. Vor der entscheidenden Aufsichtsratssitzung bei VW in Wolfsburg an diesem Freitag appelliert Gr\u00fcnen-Co-Parteichef Felix Banaszak an die Konzernspitze, sowohl Werke als auch Arbeitspl\u00e4tze in Deutschland zu sichern. &#8230; Lesen Sie hier weiter&#8230; Original-Content von: Neue Osnabr\u00fccker Zeitung, \u00fcbermittelt durch news aktuell<\/p>\n","protected":false},"author":4,"featured_media":0,"comment_status":"closed","ping_status":"closed","sticky":false,"template":"","format":"standard","meta":{"_acf_changed":false,"footnotes":""},"categories":[1],"tags":[],"class_list":["post-111897","post","type-post","status-publish","format-standard","hentry","category-allgemein"],"acf":[],"_links":{"self":[{"href":"https:\/\/conmedia.org\/index.php?rest_route=\/wp\/v2\/posts\/111897","targetHints":{"allow":["GET"]}}],"collection":[{"href":"https:\/\/conmedia.org\/index.php?rest_route=\/wp\/v2\/posts"}],"about":[{"href":"https:\/\/conmedia.org\/index.php?rest_route=\/wp\/v2\/types\/post"}],"author":[{"embeddable":true,"href":"https:\/\/conmedia.org\/index.php?rest_route=\/wp\/v2\/users\/4"}],"replies":[{"embeddable":true,"href":"https:\/\/conmedia.org\/index.php?rest_route=%2Fwp%2Fv2%2Fcomments&post=111897"}],"version-history":[{"count":0,"href":"https:\/\/conmedia.org\/index.php?rest_route=\/wp\/v2\/posts\/111897\/revisions"}],"wp:attachment":[{"href":"https:\/\/conmedia.org\/index.php?rest_route=%2Fwp%2Fv2%2Fmedia&parent=111897"}],"wp:term":[{"taxonomy":"category","embeddable":true,"href":"https:\/\/conmedia.org\/index.php?rest_route=%2Fwp%2Fv2%2Fcategories&post=111897"},{"taxonomy":"post_tag","embeddable":true,"href":"https:\/\/conmedia.org\/index.php?rest_route=%2Fwp%2Fv2%2Ftags&post=111897"}],"curies":[{"name":"wp","href":"https:\/\/api.w.org\/{rel}","templated":true}]}}