{"id":111898,"date":"2026-09-04T02:00:18","date_gmt":"2026-09-04T00:00:18","guid":{"rendered":"http:\/\/zzzconmedia.zierra.de\/?p=111898"},"modified":"2026-09-04T02:00:18","modified_gmt":"2026-09-04T00:00:18","slug":"250-000-euro-vom-staat-gefluchteter-gastronom-nennt-neue-zahlen-nach-viralem-video-gefluchteter-gastronom-raumt-provokation-in-viralem-video-ein","status":"publish","type":"post","link":"https:\/\/conmedia.org\/?p=111898","title":{"rendered":"250.000 Euro vom Staat: Gefl\u00fcchteter Gastronom nennt neue Zahlen nach viralem Video \/ Gefl\u00fcchteter Gastronom r\u00e4umt Provokation in viralem Video ein"},"content":{"rendered":"<p><b>Neue Osnabr\u00fccker Zeitung<\/b> [<a href=\"https:\/\/www.presseportal.de\/pm\/58964\/6345368\">Newsroom<\/a>]<br \/>Osnabr\u00fcck (ots) &#8211; Osnabr\u00fcck. Nach ihrem viralen Instagram-Video \u00fcber ein 250.000-Euro-Geschenk vom Staat legt die Berliner Fl\u00fcchtlingsfamilie nach. Die tats\u00e4chliche Summe sei sogar noch h\u00f6her gewesen: &#8222;Insgesamt hat unsere Familie den Staat &#8230; <a href=\"https:\/\/www.presseportal.de\/pm\/58964\/6345368\">Lesen Sie hier weiter&#8230;<\/a><\/p>\n<p><small>Original-Content von: Neue Osnabr\u00fccker Zeitung, \u00fcbermittelt durch news aktuell<\/small><\/p>\n","protected":false},"excerpt":{"rendered":"<p>Neue Osnabr\u00fccker Zeitung [Newsroom]Osnabr\u00fcck (ots) &#8211; Osnabr\u00fcck. Nach ihrem viralen Instagram-Video \u00fcber ein 250.000-Euro-Geschenk vom Staat legt die Berliner Fl\u00fcchtlingsfamilie nach. Die tats\u00e4chliche Summe sei sogar noch h\u00f6her gewesen: &#8222;Insgesamt hat unsere Familie den Staat &#8230; Lesen Sie hier weiter&#8230; Original-Content von: Neue Osnabr\u00fccker Zeitung, \u00fcbermittelt durch news aktuell<\/p>\n","protected":false},"author":4,"featured_media":0,"comment_status":"closed","ping_status":"closed","sticky":false,"template":"","format":"standard","meta":{"_acf_changed":false,"footnotes":""},"categories":[1],"tags":[],"class_list":["post-111898","post","type-post","status-publish","format-standard","hentry","category-allgemein"],"acf":[],"_links":{"self":[{"href":"https:\/\/conmedia.org\/index.php?rest_route=\/wp\/v2\/posts\/111898","targetHints":{"allow":["GET"]}}],"collection":[{"href":"https:\/\/conmedia.org\/index.php?rest_route=\/wp\/v2\/posts"}],"about":[{"href":"https:\/\/conmedia.org\/index.php?rest_route=\/wp\/v2\/types\/post"}],"author":[{"embeddable":true,"href":"https:\/\/conmedia.org\/index.php?rest_route=\/wp\/v2\/users\/4"}],"replies":[{"embeddable":true,"href":"https:\/\/conmedia.org\/index.php?rest_route=%2Fwp%2Fv2%2Fcomments&post=111898"}],"version-history":[{"count":0,"href":"https:\/\/conmedia.org\/index.php?rest_route=\/wp\/v2\/posts\/111898\/revisions"}],"wp:attachment":[{"href":"https:\/\/conmedia.org\/index.php?rest_route=%2Fwp%2Fv2%2Fmedia&parent=111898"}],"wp:term":[{"taxonomy":"category","embeddable":true,"href":"https:\/\/conmedia.org\/index.php?rest_route=%2Fwp%2Fv2%2Fcategories&post=111898"},{"taxonomy":"post_tag","embeddable":true,"href":"https:\/\/conmedia.org\/index.php?rest_route=%2Fwp%2Fv2%2Ftags&post=111898"}],"curies":[{"name":"wp","href":"https:\/\/api.w.org\/{rel}","templated":true}]}}