{"id":111900,"date":"2026-09-04T02:00:19","date_gmt":"2026-09-04T00:00:19","guid":{"rendered":"http:\/\/zzzconmedia.zierra.de\/?p=111900"},"modified":"2026-09-04T02:00:19","modified_gmt":"2026-09-04T00:00:19","slug":"zahl-in-deutschland-lebender-fluchtlinge-sinkt-im-1-halbjahr-2026-leicht-schutzsuche-aus-der-ukraine-nimmt-stetig-ab-linke-mahnt-bundesregierung-zum-umdenken","status":"publish","type":"post","link":"https:\/\/conmedia.org\/?p=111900","title":{"rendered":"Zahl in Deutschland lebender Fl\u00fcchtlinge sinkt im 1. Halbjahr 2026 leicht \/ Schutzsuche aus der Ukraine nimmt stetig ab &#8211; Linke mahnt Bundesregierung zum Umdenken"},"content":{"rendered":"<p><b>Neue Osnabr\u00fccker Zeitung<\/b> [<a href=\"https:\/\/www.presseportal.de\/pm\/58964\/6345366\">Newsroom<\/a>]<br \/>Osnabr\u00fcck (ots) &#8211; Osnabr\u00fcck. Die Gesamtzahl der in Deutschland lebenden Fl\u00fcchtlinge ist im ersten Halbjahr 2026 leicht um rund 20.000 auf zuletzt 3,507 Millionen Menschen zur\u00fcckgegangen. Das berichtet die &#8222;Neue Osnabr\u00fccker Zeitung&#8220; (noz) unter &#8230; <a href=\"https:\/\/www.presseportal.de\/pm\/58964\/6345366\">Lesen Sie hier weiter&#8230;<\/a><\/p>\n<p><small>Original-Content von: Neue Osnabr\u00fccker Zeitung, \u00fcbermittelt durch news aktuell<\/small><\/p>\n","protected":false},"excerpt":{"rendered":"<p>Neue Osnabr\u00fccker Zeitung [Newsroom]Osnabr\u00fcck (ots) &#8211; Osnabr\u00fcck. Die Gesamtzahl der in Deutschland lebenden Fl\u00fcchtlinge ist im ersten Halbjahr 2026 leicht um rund 20.000 auf zuletzt 3,507 Millionen Menschen zur\u00fcckgegangen. Das berichtet die &#8222;Neue Osnabr\u00fccker Zeitung&#8220; (noz) unter &#8230; Lesen Sie hier weiter&#8230; Original-Content von: Neue Osnabr\u00fccker Zeitung, \u00fcbermittelt durch news aktuell<\/p>\n","protected":false},"author":4,"featured_media":0,"comment_status":"closed","ping_status":"closed","sticky":false,"template":"","format":"standard","meta":{"_acf_changed":false,"footnotes":""},"categories":[1],"tags":[],"class_list":["post-111900","post","type-post","status-publish","format-standard","hentry","category-allgemein"],"acf":[],"_links":{"self":[{"href":"https:\/\/conmedia.org\/index.php?rest_route=\/wp\/v2\/posts\/111900","targetHints":{"allow":["GET"]}}],"collection":[{"href":"https:\/\/conmedia.org\/index.php?rest_route=\/wp\/v2\/posts"}],"about":[{"href":"https:\/\/conmedia.org\/index.php?rest_route=\/wp\/v2\/types\/post"}],"author":[{"embeddable":true,"href":"https:\/\/conmedia.org\/index.php?rest_route=\/wp\/v2\/users\/4"}],"replies":[{"embeddable":true,"href":"https:\/\/conmedia.org\/index.php?rest_route=%2Fwp%2Fv2%2Fcomments&post=111900"}],"version-history":[{"count":0,"href":"https:\/\/conmedia.org\/index.php?rest_route=\/wp\/v2\/posts\/111900\/revisions"}],"wp:attachment":[{"href":"https:\/\/conmedia.org\/index.php?rest_route=%2Fwp%2Fv2%2Fmedia&parent=111900"}],"wp:term":[{"taxonomy":"category","embeddable":true,"href":"https:\/\/conmedia.org\/index.php?rest_route=%2Fwp%2Fv2%2Fcategories&post=111900"},{"taxonomy":"post_tag","embeddable":true,"href":"https:\/\/conmedia.org\/index.php?rest_route=%2Fwp%2Fv2%2Ftags&post=111900"}],"curies":[{"name":"wp","href":"https:\/\/api.w.org\/{rel}","templated":true}]}}