{"id":111945,"date":"2026-09-04T18:30:11","date_gmt":"2026-09-04T16:30:11","guid":{"rendered":"http:\/\/zzzconmedia.zierra.de\/?p=111945"},"modified":"2026-09-04T18:30:11","modified_gmt":"2026-09-04T16:30:11","slug":"kommentar-von-nd-dertag-uber-die-einigung-uber-das-kurzungsprogramm-fur-volkswagen","status":"publish","type":"post","link":"https:\/\/conmedia.org\/?p=111945","title":{"rendered":"Kommentar von &#8222;nd.DerTag&#8220; \u00fcber die Einigung \u00fcber das K\u00fcrzungsprogramm f\u00fcr Volkswagen"},"content":{"rendered":"<p><b>nd.DerTag \/ nd.DieWoche<\/b> [<a href=\"https:\/\/www.presseportal.de\/pm\/59019\/6345976\">Newsroom<\/a>]<br \/>Berlin (ots) &#8211; Der einstimmige Beschluss des VW-Aufsichtsrats ist ein Schlag gegen die Arbeiterinnen und Arbeiter. &#8222;Die drohenden Schlie\u00dfungen sind zun\u00e4chst vom Tisch &#8211; die Unsicherheit f\u00fcr die Besch\u00e4ftigten und die Standorte bleibt aber. Klare &#8230; <a href=\"https:\/\/www.presseportal.de\/pm\/59019\/6345976\">Lesen Sie hier weiter&#8230;<\/a><\/p>\n<p><small>Original-Content von: nd.DerTag \/ nd.DieWoche, \u00fcbermittelt durch news aktuell<\/small><\/p>\n","protected":false},"excerpt":{"rendered":"<p>nd.DerTag \/ nd.DieWoche [Newsroom]Berlin (ots) &#8211; Der einstimmige Beschluss des VW-Aufsichtsrats ist ein Schlag gegen die Arbeiterinnen und Arbeiter. &#8222;Die drohenden Schlie\u00dfungen sind zun\u00e4chst vom Tisch &#8211; die Unsicherheit f\u00fcr die Besch\u00e4ftigten und die Standorte bleibt aber. Klare &#8230; Lesen Sie hier weiter&#8230; Original-Content von: nd.DerTag \/ nd.DieWoche, \u00fcbermittelt durch news aktuell<\/p>\n","protected":false},"author":4,"featured_media":0,"comment_status":"closed","ping_status":"closed","sticky":false,"template":"","format":"standard","meta":{"_acf_changed":false,"footnotes":""},"categories":[1],"tags":[],"class_list":["post-111945","post","type-post","status-publish","format-standard","hentry","category-allgemein"],"acf":[],"_links":{"self":[{"href":"https:\/\/conmedia.org\/index.php?rest_route=\/wp\/v2\/posts\/111945","targetHints":{"allow":["GET"]}}],"collection":[{"href":"https:\/\/conmedia.org\/index.php?rest_route=\/wp\/v2\/posts"}],"about":[{"href":"https:\/\/conmedia.org\/index.php?rest_route=\/wp\/v2\/types\/post"}],"author":[{"embeddable":true,"href":"https:\/\/conmedia.org\/index.php?rest_route=\/wp\/v2\/users\/4"}],"replies":[{"embeddable":true,"href":"https:\/\/conmedia.org\/index.php?rest_route=%2Fwp%2Fv2%2Fcomments&post=111945"}],"version-history":[{"count":0,"href":"https:\/\/conmedia.org\/index.php?rest_route=\/wp\/v2\/posts\/111945\/revisions"}],"wp:attachment":[{"href":"https:\/\/conmedia.org\/index.php?rest_route=%2Fwp%2Fv2%2Fmedia&parent=111945"}],"wp:term":[{"taxonomy":"category","embeddable":true,"href":"https:\/\/conmedia.org\/index.php?rest_route=%2Fwp%2Fv2%2Fcategories&post=111945"},{"taxonomy":"post_tag","embeddable":true,"href":"https:\/\/conmedia.org\/index.php?rest_route=%2Fwp%2Fv2%2Ftags&post=111945"}],"curies":[{"name":"wp","href":"https:\/\/api.w.org\/{rel}","templated":true}]}}