{"id":111953,"date":"2026-09-05T02:21:50","date_gmt":"2026-09-05T00:21:50","guid":{"rendered":"https:\/\/conmedia.org\/?p=111953"},"modified":"2026-09-05T02:21:50","modified_gmt":"2026-09-05T00:21:50","slug":"awo-chef-wirft-bundesregierung-gefaehrdung-sozialen-friedens-vor-michael-gross-rigide-sparpolitik-befeuert-afd-menschen-fuehlen-sich-uebergangen","status":"publish","type":"post","link":"https:\/\/conmedia.org\/?p=111953","title":{"rendered":"AWO-Chef wirft Bundesregierung Gef\u00e4hrdung sozialen Friedens vor \/ Michael Gro\u00df: &#8222;Rigide Sparpolitik befeuert AfD &#8211; Menschen f\u00fchlen sich \u00fcbergangen&#8220;"},"content":{"rendered":"<p><b>Neue Osnabr\u00fccker Zeitung<\/b> [<a href=\"https:\/\/www.presseportal.de\/pm\/58964\/6346018\">Newsroom<\/a>]<br \/>Osnabr\u00fcck (ots) &#8211; Der Pr\u00e4sident der Arbeiterwohlfahrt (AWO), Michael Gro\u00df, hat die geplanten Sozialreformen der Bundesregierung als reines Sparpaket auf Kosten von Einkommensschwachen kritisiert und die Wiedereinf\u00fchrung der Verm\u00f6gensteuer &#8230; <a href=\"https:\/\/www.presseportal.de\/pm\/58964\/6346018\">Lesen Sie hier weiter&#8230;<\/a><\/p>\n<p><small>Original-Content von: Neue Osnabr\u00fccker Zeitung, \u00fcbermittelt durch news aktuell<\/small><\/p>\n","protected":false},"excerpt":{"rendered":"<p>Neue Osnabr\u00fccker Zeitung [Newsroom]Osnabr\u00fcck (ots) &#8211; Der Pr\u00e4sident der Arbeiterwohlfahrt (AWO), Michael Gro\u00df, hat die geplanten Sozialreformen der Bundesregierung als reines Sparpaket auf Kosten von Einkommensschwachen kritisiert und die Wiedereinf\u00fchrung der Verm\u00f6gensteuer &#8230; Lesen Sie hier weiter&#8230; Original-Content von: Neue Osnabr\u00fccker Zeitung, \u00fcbermittelt durch news aktuell<\/p>\n","protected":false},"author":4,"featured_media":0,"comment_status":"closed","ping_status":"closed","sticky":false,"template":"","format":"standard","meta":{"_acf_changed":false,"footnotes":""},"categories":[1],"tags":[],"class_list":["post-111953","post","type-post","status-publish","format-standard","hentry","category-allgemein"],"acf":[],"_links":{"self":[{"href":"https:\/\/conmedia.org\/index.php?rest_route=\/wp\/v2\/posts\/111953","targetHints":{"allow":["GET"]}}],"collection":[{"href":"https:\/\/conmedia.org\/index.php?rest_route=\/wp\/v2\/posts"}],"about":[{"href":"https:\/\/conmedia.org\/index.php?rest_route=\/wp\/v2\/types\/post"}],"author":[{"embeddable":true,"href":"https:\/\/conmedia.org\/index.php?rest_route=\/wp\/v2\/users\/4"}],"replies":[{"embeddable":true,"href":"https:\/\/conmedia.org\/index.php?rest_route=%2Fwp%2Fv2%2Fcomments&post=111953"}],"version-history":[{"count":0,"href":"https:\/\/conmedia.org\/index.php?rest_route=\/wp\/v2\/posts\/111953\/revisions"}],"wp:attachment":[{"href":"https:\/\/conmedia.org\/index.php?rest_route=%2Fwp%2Fv2%2Fmedia&parent=111953"}],"wp:term":[{"taxonomy":"category","embeddable":true,"href":"https:\/\/conmedia.org\/index.php?rest_route=%2Fwp%2Fv2%2Fcategories&post=111953"},{"taxonomy":"post_tag","embeddable":true,"href":"https:\/\/conmedia.org\/index.php?rest_route=%2Fwp%2Fv2%2Ftags&post=111953"}],"curies":[{"name":"wp","href":"https:\/\/api.w.org\/{rel}","templated":true}]}}