{"id":111954,"date":"2026-09-05T02:21:51","date_gmt":"2026-09-05T00:21:51","guid":{"rendered":"https:\/\/conmedia.org\/?p=111954"},"modified":"2026-09-05T02:21:51","modified_gmt":"2026-09-05T00:21:51","slug":"awo-praesident-sorgt-sich-um-verfall-sozialdemokratischer-werte-michael-gross-muessen-zurueck-zum-prinzip-aufstieg-durch-arbeit-zu-wenig-soziale-mobilitaet-in-deutschland","status":"publish","type":"post","link":"https:\/\/conmedia.org\/?p=111954","title":{"rendered":"AWO-Pr\u00e4sident sorgt sich um Verfall sozialdemokratischer Werte \/ Michael Gro\u00df: &#8222;M\u00fcssen zur\u00fcck zum Prinzip Aufstieg durch Arbeit&#8220;- Zu wenig soziale Mobilit\u00e4t in Deutschland"},"content":{"rendered":"<p><b>Neue Osnabr\u00fccker Zeitung<\/b> [<a href=\"https:\/\/www.presseportal.de\/pm\/58964\/6346017\">Newsroom<\/a>]<br \/>Osnabr\u00fcck (ots) &#8211; Der Pr\u00e4sident der Arbeiterwohlfahrt (AWO), Michael Gro\u00df, hat sich besorgt \u00fcber die Entwicklung der Sozialdemokratie und den Verlust grundlegender sozialer Werte in Deutschland ge\u00e4u\u00dfert. &#8222;Nat\u00fcrlich sind wir mit der SPD &#8230; <a href=\"https:\/\/www.presseportal.de\/pm\/58964\/6346017\">Lesen Sie hier weiter&#8230;<\/a><\/p>\n<p><small>Original-Content von: Neue Osnabr\u00fccker Zeitung, \u00fcbermittelt durch news aktuell<\/small><\/p>\n","protected":false},"excerpt":{"rendered":"<p>Neue Osnabr\u00fccker Zeitung [Newsroom]Osnabr\u00fcck (ots) &#8211; Der Pr\u00e4sident der Arbeiterwohlfahrt (AWO), Michael Gro\u00df, hat sich besorgt \u00fcber die Entwicklung der Sozialdemokratie und den Verlust grundlegender sozialer Werte in Deutschland ge\u00e4u\u00dfert. &#8222;Nat\u00fcrlich sind wir mit der SPD &#8230; Lesen Sie hier weiter&#8230; Original-Content von: Neue Osnabr\u00fccker Zeitung, \u00fcbermittelt durch news aktuell<\/p>\n","protected":false},"author":4,"featured_media":0,"comment_status":"closed","ping_status":"closed","sticky":false,"template":"","format":"standard","meta":{"_acf_changed":false,"footnotes":""},"categories":[1],"tags":[],"class_list":["post-111954","post","type-post","status-publish","format-standard","hentry","category-allgemein"],"acf":[],"_links":{"self":[{"href":"https:\/\/conmedia.org\/index.php?rest_route=\/wp\/v2\/posts\/111954","targetHints":{"allow":["GET"]}}],"collection":[{"href":"https:\/\/conmedia.org\/index.php?rest_route=\/wp\/v2\/posts"}],"about":[{"href":"https:\/\/conmedia.org\/index.php?rest_route=\/wp\/v2\/types\/post"}],"author":[{"embeddable":true,"href":"https:\/\/conmedia.org\/index.php?rest_route=\/wp\/v2\/users\/4"}],"replies":[{"embeddable":true,"href":"https:\/\/conmedia.org\/index.php?rest_route=%2Fwp%2Fv2%2Fcomments&post=111954"}],"version-history":[{"count":0,"href":"https:\/\/conmedia.org\/index.php?rest_route=\/wp\/v2\/posts\/111954\/revisions"}],"wp:attachment":[{"href":"https:\/\/conmedia.org\/index.php?rest_route=%2Fwp%2Fv2%2Fmedia&parent=111954"}],"wp:term":[{"taxonomy":"category","embeddable":true,"href":"https:\/\/conmedia.org\/index.php?rest_route=%2Fwp%2Fv2%2Fcategories&post=111954"},{"taxonomy":"post_tag","embeddable":true,"href":"https:\/\/conmedia.org\/index.php?rest_route=%2Fwp%2Fv2%2Ftags&post=111954"}],"curies":[{"name":"wp","href":"https:\/\/api.w.org\/{rel}","templated":true}]}}