{"id":111975,"date":"2026-09-06T09:45:10","date_gmt":"2026-09-06T07:45:10","guid":{"rendered":"http:\/\/zzzconmedia.zierra.de\/?p=111975"},"modified":"2026-09-06T09:45:10","modified_gmt":"2026-09-06T07:45:10","slug":"neue-saison-neue-falle-neue-teams-neue-tatzeit","status":"publish","type":"post","link":"https:\/\/conmedia.org\/?p=111975","title":{"rendered":"Neue Saison. Neue F\u00e4lle. Neue Teams. Neue Tatzeit."},"content":{"rendered":"<p><b>ARD Das Erste<\/b> [<a href=\"https:\/\/www.presseportal.de\/pm\/6694\/6346252\">Newsroom<\/a>]<\/p>\n<div><a href=\"https:\/\/www.presseportal.de\/nr\/6694\"><img decoding=\"async\" src=\"https:\/\/cache.pressmailing.net\/thumbnail\/story_small\/874dae69-9220-4481-9933-ce88288c6359\/Ensemblemotiv_ARD_So~s_Kampagne_2026.jpg\" width=\"110\" border=\"0\"><\/a><\/div>\n<p>M\u00fcnchen (ots) &#8211; Mit neuen Ermittlerteams, au\u00dfergew\u00f6hnlichen F\u00e4llen und einem Novum startet die ARD-Sonntagskrimi-Saison 2026\/27. Charlotte Lindholm (Maria Furtw\u00e4ngler) st\u00f6\u00dft in einem Demenzdorf auf einen r\u00e4tselhaften Mordfall. Ballauf (Klaus &#8230; <a href=\"https:\/\/www.presseportal.de\/pm\/6694\/6346252\">Lesen Sie hier weiter&#8230;<\/a><\/p>\n<p><small>Original-Content von: ARD Das Erste, \u00fcbermittelt durch news aktuell<\/small><\/p>\n","protected":false},"excerpt":{"rendered":"<p>ARD Das Erste [Newsroom] M\u00fcnchen (ots) &#8211; Mit neuen Ermittlerteams, au\u00dfergew\u00f6hnlichen F\u00e4llen und einem Novum startet die ARD-Sonntagskrimi-Saison 2026\/27. Charlotte Lindholm (Maria Furtw\u00e4ngler) st\u00f6\u00dft in einem Demenzdorf auf einen r\u00e4tselhaften Mordfall. Ballauf (Klaus &#8230; Lesen Sie hier weiter&#8230; Original-Content von: ARD Das Erste, \u00fcbermittelt durch news aktuell<\/p>\n","protected":false},"author":4,"featured_media":0,"comment_status":"closed","ping_status":"closed","sticky":false,"template":"","format":"standard","meta":{"_acf_changed":false,"footnotes":""},"categories":[1],"tags":[],"class_list":["post-111975","post","type-post","status-publish","format-standard","hentry","category-allgemein"],"acf":[],"_links":{"self":[{"href":"https:\/\/conmedia.org\/index.php?rest_route=\/wp\/v2\/posts\/111975","targetHints":{"allow":["GET"]}}],"collection":[{"href":"https:\/\/conmedia.org\/index.php?rest_route=\/wp\/v2\/posts"}],"about":[{"href":"https:\/\/conmedia.org\/index.php?rest_route=\/wp\/v2\/types\/post"}],"author":[{"embeddable":true,"href":"https:\/\/conmedia.org\/index.php?rest_route=\/wp\/v2\/users\/4"}],"replies":[{"embeddable":true,"href":"https:\/\/conmedia.org\/index.php?rest_route=%2Fwp%2Fv2%2Fcomments&post=111975"}],"version-history":[{"count":0,"href":"https:\/\/conmedia.org\/index.php?rest_route=\/wp\/v2\/posts\/111975\/revisions"}],"wp:attachment":[{"href":"https:\/\/conmedia.org\/index.php?rest_route=%2Fwp%2Fv2%2Fmedia&parent=111975"}],"wp:term":[{"taxonomy":"category","embeddable":true,"href":"https:\/\/conmedia.org\/index.php?rest_route=%2Fwp%2Fv2%2Fcategories&post=111975"},{"taxonomy":"post_tag","embeddable":true,"href":"https:\/\/conmedia.org\/index.php?rest_route=%2Fwp%2Fv2%2Ftags&post=111975"}],"curies":[{"name":"wp","href":"https:\/\/api.w.org\/{rel}","templated":true}]}}