{"id":30530,"date":"2019-07-18T06:29:31","date_gmt":"2019-07-18T04:29:31","guid":{"rendered":"http:\/\/197037077"},"modified":"2019-07-18T06:29:31","modified_gmt":"2019-07-18T04:29:31","slug":"kramp-karrenbauer-stoesst-mit-amtsuebernahme-auf-kritik","status":"publish","type":"post","link":"https:\/\/conmedia.org\/?p=30530","title":{"rendered":"Kramp-Karrenbauer st\u00f6\u00dft mit Amts\u00fcbernahme auf Kritik"},"content":{"rendered":"<p>Annegret Kramp-Karrenbauer \u00fcbernimmt nach Ursula von der Leyen das Amt als Verteidigungsministerin. Diese Entscheidung kommt \u00fcberraschend. Eigentlich wurde Jens Spahn als Nachfolger gehandelt. Kramp-Karrenbauer wollte sich noch vor kurzem ganz auf die Partei konzentrieren. <\/p>\n","protected":false},"excerpt":{"rendered":"<p>Annegret Kramp-Karrenbauer \u00fcbernimmt nach Ursula von der Leyen das Amt als Verteidigungsministerin. Diese Entscheidung kommt \u00fcberraschend. Eigentlich wurde Jens Spahn als Nachfolger gehandelt. Kramp-Karrenbauer wollte sich noch vor kurzem ganz auf die Partei konzentrieren.<\/p>\n","protected":false},"author":1,"featured_media":0,"comment_status":"open","ping_status":"closed","sticky":false,"template":"","format":"standard","meta":{"_acf_changed":false,"footnotes":""},"categories":[3],"tags":[],"class_list":["post-30530","post","type-post","status-publish","format-standard","hentry","category-inland"],"acf":[],"_links":{"self":[{"href":"https:\/\/conmedia.org\/index.php?rest_route=\/wp\/v2\/posts\/30530","targetHints":{"allow":["GET"]}}],"collection":[{"href":"https:\/\/conmedia.org\/index.php?rest_route=\/wp\/v2\/posts"}],"about":[{"href":"https:\/\/conmedia.org\/index.php?rest_route=\/wp\/v2\/types\/post"}],"author":[{"embeddable":true,"href":"https:\/\/conmedia.org\/index.php?rest_route=\/wp\/v2\/users\/1"}],"replies":[{"embeddable":true,"href":"https:\/\/conmedia.org\/index.php?rest_route=%2Fwp%2Fv2%2Fcomments&post=30530"}],"version-history":[{"count":0,"href":"https:\/\/conmedia.org\/index.php?rest_route=\/wp\/v2\/posts\/30530\/revisions"}],"wp:attachment":[{"href":"https:\/\/conmedia.org\/index.php?rest_route=%2Fwp%2Fv2%2Fmedia&parent=30530"}],"wp:term":[{"taxonomy":"category","embeddable":true,"href":"https:\/\/conmedia.org\/index.php?rest_route=%2Fwp%2Fv2%2Fcategories&post=30530"},{"taxonomy":"post_tag","embeddable":true,"href":"https:\/\/conmedia.org\/index.php?rest_route=%2Fwp%2Fv2%2Ftags&post=30530"}],"curies":[{"name":"wp","href":"https:\/\/api.w.org\/{rel}","templated":true}]}}